{"id":12024,"date":"2022-11-28T12:26:45","date_gmt":"2022-11-28T11:26:45","guid":{"rendered":"https:\/\/penzionbado.sk\/uncategorized-hu\/elektromos-autok-toltese-kozvetlenul-a-vendeghaz-parkolojaban\/"},"modified":"2025-03-14T10:10:40","modified_gmt":"2025-03-14T09:10:40","slug":"elektromos-autok-toltese-kozvetlenul-a-vendeghaz-parkolojaban","status":"publish","type":"post","link":"https:\/\/penzionbado.sk\/hu\/uncategorized-hu\/elektromos-autok-toltese-kozvetlenul-a-vendeghaz-parkolojaban\/","title":{"rendered":"Elektromos aut\u00f3k t\u00f6lt\u00e9se k\u00f6zvetlen\u00fcl a vend\u00e9gh\u00e1z parkol\u00f3j\u00e1ban"},"content":{"rendered":"\t\t<div data-elementor-type=\"wp-post\" data-elementor-id=\"12024\" class=\"elementor elementor-12024 elementor-732\" data-elementor-post-type=\"post\">\n\t\t\t\t\t\t\t\t\t<section class=\"elementor-section elementor-top-section elementor-element elementor-element-0551822 elementor-section-boxed elementor-section-height-default elementor-section-height-default qodef-elementor-content-no\" data-id=\"0551822\" data-element_type=\"section\">\n\t\t\t\t\t\t<div class=\"elementor-container elementor-column-gap-default\">\n\t\t\t\t\t<div class=\"elementor-column elementor-col-100 elementor-top-column elementor-element elementor-element-059f31a\" data-id=\"059f31a\" data-element_type=\"column\">\n\t\t\t<div class=\"elementor-widget-wrap elementor-element-populated\">\n\t\t\t\t\t\t\t\t<div class=\"elementor-element elementor-element-16f9782 elementor-widget elementor-widget-text-editor\" data-id=\"16f9782\" data-element_type=\"widget\" data-widget_type=\"text-editor.default\">\n\t\t\t\t<div class=\"elementor-widget-container\">\n\t\t\t\t\t\t\t<h4>Az EV-vezet\u0151k \u00e1ltal\u00e1ban a t\u00f6lt\u0151infrastrukt\u00fara el\u00e9rhet\u0151s\u00e9ge szerint v\u00e1lasztj\u00e1k ki a sz\u00e1ll\u00e1shely\u00fcket, \u00e9s \u00e9jszak\u00e1ra t\u00f6ltik fel j\u00e1rm\u0171v\u00fcket.<\/h4>\n<p>Egy t\u00f6lt\u0151vel az \u00d6n l\u00e9tes\u00edtm\u00e9ny\u00e9ben nem csak pr\u00e9mium \u00fcgyfeleket \u00e9s az \u0151 aj\u00e1nl\u00e1saikat kapja meg. Versenyel\u0151nyre tesz szert &#8211; az elektromobilit\u00e1s \u00f6ko, az eg\u00e9szs\u00e9ges \u00e9s modern \u00e9letm\u00f3d szimb\u00f3luma, \u00e9s \u00edgy nemcsak az elektromos j\u00e1rm\u0171vek vezet\u0151it sz\u00f3l\u00edtja meg. L\u00e9tes\u00edtm\u00e9ny\u00fcnk elektromos j\u00e1rm\u0171vek t\u00f6lt\u00e9s\u00e9t k\u00edn\u00e1lja.  <\/p>\n\t\t\t\t\t\t<\/div>\n\t\t\t\t<\/div>\n\t\t\t\t<div class=\"elementor-element elementor-element-dacda6f elementor-widget elementor-widget-image-gallery\" data-id=\"dacda6f\" data-element_type=\"widget\" data-widget_type=\"image-gallery.default\">\n\t\t\t\t<div class=\"elementor-widget-container\">\n\t\t\t\t\t<div class=\"elementor-image-gallery\">\n\t\t\t\n\t\t<style type=\"text\/css\">\n\t\t\t#gallery-1 {\n\t\t\t\tmargin: auto;\n\t\t\t}\n\t\t\t#gallery-1 .gallery-item {\n\t\t\t\tfloat: left;\n\t\t\t\tmargin-top: 10px;\n\t\t\t\ttext-align: center;\n\t\t\t\twidth: 50%;\n\t\t\t}\n\t\t\t#gallery-1 img {\n\t\t\t\tborder: 2px solid #cfcfcf;\n\t\t\t}\n\t\t\t#gallery-1 .gallery-caption {\n\t\t\t\tmargin-left: 0;\n\t\t\t}\n\t\t\t\/* see gallery_shortcode() in wp-includes\/media.php *\/\n\t\t<\/style>\n\t\t<div id='gallery-1' class='gallery galleryid-12024 gallery-columns-2 gallery-size-large'><dl class='gallery-item'>\n\t\t\t<dt class='gallery-icon portrait'>\n\t\t\t\t<a data-elementor-open-lightbox=\"yes\" data-elementor-lightbox-slideshow=\"dacda6f\" data-e-action-hash=\"#elementor-action%3Aaction%3Dlightbox%26settings%3DeyJpZCI6NDkwNSwidXJsIjoiaHR0cHM6XC9cL3Blbnppb25iYWRvLnNrXC93cC1jb250ZW50XC91cGxvYWRzXC8yMDIzXC8wNVwvbmFiaWphbmllMi5qcGciLCJzbGlkZXNob3ciOiJkYWNkYTZmIn0%3D\" href='https:\/\/penzionbado.sk\/wp-content\/uploads\/2023\/05\/nabijanie2.jpg'><img width=\"225\" height=\"300\" src=\"https:\/\/penzionbado.sk\/wp-content\/uploads\/2023\/05\/nabijanie2.jpg\" class=\"attachment-large size-large\" alt=\"\" decoding=\"async\" \/><\/a>\n\t\t\t<\/dt><\/dl><dl class='gallery-item'>\n\t\t\t<dt class='gallery-icon portrait'>\n\t\t\t\t<a data-elementor-open-lightbox=\"yes\" data-elementor-lightbox-slideshow=\"dacda6f\" data-e-action-hash=\"#elementor-action%3Aaction%3Dlightbox%26settings%3DeyJpZCI6NDkwNiwidXJsIjoiaHR0cHM6XC9cL3Blbnppb25iYWRvLnNrXC93cC1jb250ZW50XC91cGxvYWRzXC8yMDIzXC8wNVwvbmFiaWphbmllMS5qcGciLCJzbGlkZXNob3ciOiJkYWNkYTZmIn0%3D\" href='https:\/\/penzionbado.sk\/wp-content\/uploads\/2023\/05\/nabijanie1.jpg'><img width=\"240\" height=\"300\" src=\"https:\/\/penzionbado.sk\/wp-content\/uploads\/2023\/05\/nabijanie1.jpg\" class=\"attachment-large size-large\" alt=\"\" decoding=\"async\" \/><\/a>\n\t\t\t<\/dt><\/dl><br style=\"clear: both\" \/><dl class='gallery-item'>\n\t\t\t<dt class='gallery-icon portrait'>\n\t\t\t\t<a data-elementor-open-lightbox=\"yes\" data-elementor-lightbox-slideshow=\"dacda6f\" data-e-action-hash=\"#elementor-action%3Aaction%3Dlightbox%26settings%3DeyJpZCI6NDkwNywidXJsIjoiaHR0cHM6XC9cL3Blbnppb25iYWRvLnNrXC93cC1jb250ZW50XC91cGxvYWRzXC8yMDIzXC8wNVwvbmFiaWphbmllNC5qcGciLCJzbGlkZXNob3ciOiJkYWNkYTZmIn0%3D\" href='https:\/\/penzionbado.sk\/wp-content\/uploads\/2023\/05\/nabijanie4.jpg'><img width=\"240\" height=\"300\" src=\"https:\/\/penzionbado.sk\/wp-content\/uploads\/2023\/05\/nabijanie4.jpg\" class=\"attachment-large size-large\" alt=\"\" decoding=\"async\" \/><\/a>\n\t\t\t<\/dt><\/dl><dl class='gallery-item'>\n\t\t\t<dt class='gallery-icon portrait'>\n\t\t\t\t<a data-elementor-open-lightbox=\"yes\" data-elementor-lightbox-slideshow=\"dacda6f\" data-e-action-hash=\"#elementor-action%3Aaction%3Dlightbox%26settings%3DeyJpZCI6NDkwOCwidXJsIjoiaHR0cHM6XC9cL3Blbnppb25iYWRvLnNrXC93cC1jb250ZW50XC91cGxvYWRzXC8yMDIzXC8wNVwvbmFiaWphbmllMy5qcGciLCJzbGlkZXNob3ciOiJkYWNkYTZmIn0%3D\" href='https:\/\/penzionbado.sk\/wp-content\/uploads\/2023\/05\/nabijanie3.jpg'><img width=\"240\" height=\"300\" src=\"https:\/\/penzionbado.sk\/wp-content\/uploads\/2023\/05\/nabijanie3.jpg\" class=\"attachment-large size-large\" alt=\"\" decoding=\"async\" \/><\/a>\n\t\t\t<\/dt><\/dl><br style=\"clear: both\" \/>\n\t\t<\/div>\n\t\t<\/div>\n\t\t\t\t<\/div>\n\t\t\t\t<\/div>\n\t\t\t\t<div class=\"elementor-element elementor-element-4d080ed elementor-widget elementor-widget-text-editor\" data-id=\"4d080ed\" data-element_type=\"widget\" data-widget_type=\"text-editor.default\">\n\t\t\t\t<div class=\"elementor-widget-container\">\n\t\t\t\t\t\t\t<h4>T\u00f6lt\u0151k \u00e9s tartoz\u00e9kok<\/h4>\n<div class=\"descr\">N\u00f6velje a t\u00f6lt\u00e9si sebess\u00e9get a gar\u00e1zsban, \u00e9s mindig teljes zsebl\u00e1mp\u00e1val induljon \u00fatnak. Otthoni haszn\u00e1latra sz\u00e1nt t\u00f6lt\u0151inkkel gyorsabban \u00e9s biztons\u00e1gosabban t\u00f6ltheti aut\u00f3j\u00e1t, mint egy hagyom\u00e1nyos konnektorb\u00f3l. Szabadon \u00e1ll\u00f3 t\u00f6lt\u0151 vagy fali doboz belt\u00e9ri vagy k\u00fclt\u00e9ri haszn\u00e1latra &#8211; n\u00e1lunk mindent megtal\u00e1l, amire sz\u00fcks\u00e9ge van a probl\u00e9mamentes otthoni t\u00f6lt\u00e9shez. Elektromos aut\u00f3j\u00e1nak t\u00f6lt\u00e9se n\u00e1lunk kiv\u00e1l\u00f3 \u00e9s kellemes nyaral\u00e1si \u00e9lm\u00e9nyt ny\u00fajt.   <\/div>\n<h4>A parkol\u00e1s felt\u00f6lt\u00e9st jelent<\/h4>\n<p>Sok EV-vezet\u0151 otthon t\u00f6lti fel aut\u00f3j\u00e1t a saj\u00e1t t\u00f6lt\u0151\u00e1llom\u00e1s\u00e1n. Ennek sz\u00e1mos el\u0151nye van, mivel az otthoni t\u00f6lt\u00e9s a legk\u00e9nyelmesebb, legk\u00f6lts\u00e9ghat\u00e9konyabb \u00e9s legbiztons\u00e1gosabb m\u00f3dja az elektromos j\u00e1rm\u0171 t\u00f6lt\u00e9s\u00e9nek. A wallbox-szal t\u00f6rt\u00e9n\u0151 t\u00f6lt\u00e9s ak\u00e1r 10-szer gyorsabb, mint egy hagyom\u00e1nyos otthoni konnektor, \u00e9s a t\u00f6lt\u00e9s automatikusan le\u00e1ll, amikor az akkumul\u00e1tor megtelt. A wallbox emellett a legbiztons\u00e1gosabb \u00e9s leg\u00f3vatosabb megold\u00e1s a j\u00e1rm\u0171 akkumul\u00e1tor\u00e1nak t\u00f6lt\u00e9s\u00e9re.   <\/p>\n\t\t\t\t\t\t<\/div>\n\t\t\t\t<\/div>\n\t\t\t\t\t<\/div>\n\t\t<\/div>\n\t\t\t\t\t\t\t<\/div>\n\t\t<\/section>\n\t\t\t\t\t\t\t<\/div>\n\t\t","protected":false},"excerpt":{"rendered":"<p>Az EV-vezet\u0151k jellemz\u0151en a t\u00f6lt\u0151infrastrukt\u00fara el\u00e9rhet\u0151s\u00e9ge alapj\u00e1n v\u00e1lasztj\u00e1k ki a sz\u00e1ll\u00e1shely\u00fcket, \u00e9s \u00e9jszakai tart\u00f3zkod\u00e1suk alatt t\u00f6ltik fel j\u00e1rm\u0171v\u00fcket.<br \/>\nHa van t\u00f6lt\u0151 az \u00d6n l\u00e9tes\u00edtm\u00e9ny\u00e9ben, azzal nem csak pr\u00e9mium \u00fcgyfeleket \u00e9s az \u0151 aj\u00e1nl\u00e1saikat szerzi meg. \u00d6n versenyel\u0151nyre tesz szert &#8211; az elektromobilit\u00e1s \u00f6ko, az eg\u00e9szs\u00e9ges \u00e9s modern \u00e9letm\u00f3d szimb\u00f3luma, \u00e9s \u00edgy nemcsak az elektromos j\u00e1rm\u0171vezet\u0151k sz\u00e1m\u00e1ra vonz\u00f3. L\u00e9tes\u00edtm\u00e9ny\u00fcnk elektromos j\u00e1rm\u0171t\u00f6lt\u00e9st k\u00edn\u00e1l.  <\/p>\n","protected":false},"author":1,"featured_media":12025,"comment_status":"open","ping_status":"open","sticky":false,"template":"","format":"standard","meta":{"inline_featured_image":false},"categories":[140],"tags":[318],"table_tags":[],"yoast_head":"<!-- This site is optimized with the Yoast SEO plugin v20.13 - https:\/\/yoast.com\/wordpress\/plugins\/seo\/ -->\n<title>Elektromos aut\u00f3k t\u00f6lt\u00e9se k\u00f6zvetlen\u00fcl a vend\u00e9gh\u00e1z parkol\u00f3j\u00e1ban | Panzi\u00f3 BA\u010eO***<\/title>\n<meta name=\"robots\" content=\"index, follow, max-snippet:-1, max-image-preview:large, max-video-preview:-1\" \/>\n<link rel=\"canonical\" href=\"https:\/\/penzionbado.sk\/hu\/uncategorized-hu\/elektromos-autok-toltese-kozvetlenul-a-vendeghaz-parkolojaban\/\" \/>\n<meta property=\"og:locale\" content=\"hu_HU\" \/>\n<meta property=\"og:type\" content=\"article\" \/>\n<meta property=\"og:title\" content=\"Elektromos aut\u00f3k t\u00f6lt\u00e9se k\u00f6zvetlen\u00fcl a vend\u00e9gh\u00e1z parkol\u00f3j\u00e1ban | Panzi\u00f3 BA\u010eO***\" \/>\n<meta property=\"og:description\" content=\"Az EV-vezet\u0151k jellemz\u0151en a t\u00f6lt\u0151infrastrukt\u00fara el\u00e9rhet\u0151s\u00e9ge alapj\u00e1n v\u00e1lasztj\u00e1k ki a sz\u00e1ll\u00e1shely\u00fcket, \u00e9s \u00e9jszakai tart\u00f3zkod\u00e1suk alatt t\u00f6ltik fel j\u00e1rm\u0171v\u00fcket. Ha van t\u00f6lt\u0151 az \u00d6n l\u00e9tes\u00edtm\u00e9ny\u00e9ben, azzal nem csak pr\u00e9mium \u00fcgyfeleket \u00e9s az \u0151 aj\u00e1nl\u00e1saikat szerzi meg. \u00d6n versenyel\u0151nyre tesz szert - az elektromobilit\u00e1s \u00f6ko, az eg\u00e9szs\u00e9ges \u00e9s modern \u00e9letm\u00f3d szimb\u00f3luma, \u00e9s \u00edgy nemcsak az elektromos j\u00e1rm\u0171vezet\u0151k sz\u00e1m\u00e1ra vonz\u00f3. L\u00e9tes\u00edtm\u00e9ny\u00fcnk elektromos j\u00e1rm\u0171t\u00f6lt\u00e9st k\u00edn\u00e1l.\" \/>\n<meta property=\"og:url\" content=\"https:\/\/penzionbado.sk\/hu\/uncategorized-hu\/elektromos-autok-toltese-kozvetlenul-a-vendeghaz-parkolojaban\/\" \/>\n<meta property=\"og:site_name\" content=\"Panzi\u00f3 BA\u010eO***\" \/>\n<meta property=\"article:publisher\" content=\"https:\/\/www.facebook.com\/www.penzionbado.sk\" \/>\n<meta property=\"article:published_time\" content=\"2022-11-28T11:26:45+00:00\" \/>\n<meta property=\"article:modified_time\" content=\"2025-03-14T09:10:40+00:00\" \/>\n<meta property=\"og:image\" content=\"https:\/\/penzionbado.sk\/wp-content\/uploads\/2022\/11\/blog_novinky3.jpg\" \/>\n\t<meta property=\"og:image:width\" content=\"620\" \/>\n\t<meta property=\"og:image:height\" content=\"275\" \/>\n\t<meta property=\"og:image:type\" content=\"image\/jpeg\" \/>\n<meta name=\"author\" content=\"megaapple\" \/>\n<meta name=\"twitter:card\" content=\"summary_large_image\" \/>\n<meta name=\"twitter:label1\" content=\"Szerz\u0151:\" \/>\n\t<meta name=\"twitter:data1\" content=\"megaapple\" \/>\n\t<meta name=\"twitter:label2\" content=\"Becs\u00fclt olvas\u00e1si id\u0151\" \/>\n\t<meta name=\"twitter:data2\" content=\"2 perc\" \/>\n<script type=\"application\/ld+json\" class=\"yoast-schema-graph\">{\"@context\":\"https:\/\/schema.org\",\"@graph\":[{\"@type\":\"Article\",\"@id\":\"https:\/\/penzionbado.sk\/hu\/uncategorized-hu\/elektromos-autok-toltese-kozvetlenul-a-vendeghaz-parkolojaban\/#article\",\"isPartOf\":{\"@id\":\"https:\/\/penzionbado.sk\/hu\/uncategorized-hu\/elektromos-autok-toltese-kozvetlenul-a-vendeghaz-parkolojaban\/\"},\"author\":{\"name\":\"megaapple\",\"@id\":\"https:\/\/penzionbado.sk\/#\/schema\/person\/505c6b4891e1ca05f518303721af0cd2\"},\"headline\":\"Elektromos aut\u00f3k t\u00f6lt\u00e9se k\u00f6zvetlen\u00fcl a vend\u00e9gh\u00e1z parkol\u00f3j\u00e1ban\",\"datePublished\":\"2022-11-28T11:26:45+00:00\",\"dateModified\":\"2025-03-14T09:10:40+00:00\",\"mainEntityOfPage\":{\"@id\":\"https:\/\/penzionbado.sk\/hu\/uncategorized-hu\/elektromos-autok-toltese-kozvetlenul-a-vendeghaz-parkolojaban\/\"},\"wordCount\":330,\"commentCount\":0,\"publisher\":{\"@id\":\"https:\/\/penzionbado.sk\/#organization\"},\"keywords\":[\"Sz\u00e1ll\u00e1s\"],\"articleSection\":[\"Uncategorized @hu\"],\"inLanguage\":\"hu\"},{\"@type\":\"WebPage\",\"@id\":\"https:\/\/penzionbado.sk\/hu\/uncategorized-hu\/elektromos-autok-toltese-kozvetlenul-a-vendeghaz-parkolojaban\/\",\"url\":\"https:\/\/penzionbado.sk\/hu\/uncategorized-hu\/elektromos-autok-toltese-kozvetlenul-a-vendeghaz-parkolojaban\/\",\"name\":\"Elektromos aut\u00f3k t\u00f6lt\u00e9se k\u00f6zvetlen\u00fcl a vend\u00e9gh\u00e1z parkol\u00f3j\u00e1ban | Panzi\u00f3 BA\u010eO***\",\"isPartOf\":{\"@id\":\"https:\/\/penzionbado.sk\/#website\"},\"datePublished\":\"2022-11-28T11:26:45+00:00\",\"dateModified\":\"2025-03-14T09:10:40+00:00\",\"breadcrumb\":{\"@id\":\"https:\/\/penzionbado.sk\/hu\/uncategorized-hu\/elektromos-autok-toltese-kozvetlenul-a-vendeghaz-parkolojaban\/#breadcrumb\"},\"inLanguage\":\"hu\",\"potentialAction\":[{\"@type\":\"ReadAction\",\"target\":[\"https:\/\/penzionbado.sk\/hu\/uncategorized-hu\/elektromos-autok-toltese-kozvetlenul-a-vendeghaz-parkolojaban\/\"]}]},{\"@type\":\"BreadcrumbList\",\"@id\":\"https:\/\/penzionbado.sk\/hu\/uncategorized-hu\/elektromos-autok-toltese-kozvetlenul-a-vendeghaz-parkolojaban\/#breadcrumb\",\"itemListElement\":[{\"@type\":\"ListItem\",\"position\":1,\"name\":\"Home\",\"item\":\"https:\/\/penzionbado.sk\/hu\/\"},{\"@type\":\"ListItem\",\"position\":2,\"name\":\"Elektromos aut\u00f3k t\u00f6lt\u00e9se k\u00f6zvetlen\u00fcl a vend\u00e9gh\u00e1z parkol\u00f3j\u00e1ban\"}]},{\"@type\":\"WebSite\",\"@id\":\"https:\/\/penzionbado.sk\/#website\",\"url\":\"https:\/\/penzionbado.sk\/\",\"name\":\"Panzi\u00f3 BA\u010eO***\",\"description\":\"Rodinn\u00fd penzi\u00f3n pod Lomnick\u00fdm \u0160t\u00edtom\",\"publisher\":{\"@id\":\"https:\/\/penzionbado.sk\/#organization\"},\"potentialAction\":[{\"@type\":\"SearchAction\",\"target\":{\"@type\":\"EntryPoint\",\"urlTemplate\":\"https:\/\/penzionbado.sk\/?s={search_term_string}\"},\"query-input\":\"required name=search_term_string\"}],\"inLanguage\":\"hu\"},{\"@type\":\"Organization\",\"@id\":\"https:\/\/penzionbado.sk\/#organization\",\"name\":\"Panzi\u00f3 BA\u010eO***\",\"url\":\"https:\/\/penzionbado.sk\/\",\"logo\":{\"@type\":\"ImageObject\",\"inLanguage\":\"hu\",\"@id\":\"https:\/\/penzionbado.sk\/#\/schema\/logo\/image\/\",\"url\":\"https:\/\/penzionbado.sk\/wp-content\/uploads\/2023\/05\/BADO_logo_black_transparent.png\",\"contentUrl\":\"https:\/\/penzionbado.sk\/wp-content\/uploads\/2023\/05\/BADO_logo_black_transparent.png\",\"width\":470,\"height\":473,\"caption\":\"Panzi\u00f3 BA\u010eO***\"},\"image\":{\"@id\":\"https:\/\/penzionbado.sk\/#\/schema\/logo\/image\/\"},\"sameAs\":[\"https:\/\/www.facebook.com\/www.penzionbado.sk\",\"https:\/\/www.instagram.com\/penzionvysoketatry\/\",\"https:\/\/www.youtube.com\/channel\/UCxZmlcE9qBcD9fdk4hfpo7g\"]},{\"@type\":\"Person\",\"@id\":\"https:\/\/penzionbado.sk\/#\/schema\/person\/505c6b4891e1ca05f518303721af0cd2\",\"name\":\"megaapple\",\"image\":{\"@type\":\"ImageObject\",\"inLanguage\":\"hu\",\"@id\":\"https:\/\/penzionbado.sk\/#\/schema\/person\/image\/\",\"url\":\"https:\/\/secure.gravatar.com\/avatar\/e9c40c35a403aaf8837c9da063c91557?s=96&d=mm&r=g\",\"contentUrl\":\"https:\/\/secure.gravatar.com\/avatar\/e9c40c35a403aaf8837c9da063c91557?s=96&d=mm&r=g\",\"caption\":\"megaapple\"},\"sameAs\":[\"https:\/\/penzionbado.sk\"]}]}<\/script>\n<!-- \/ Yoast SEO plugin. -->","yoast_head_json":{"title":"Elektromos aut\u00f3k t\u00f6lt\u00e9se k\u00f6zvetlen\u00fcl a vend\u00e9gh\u00e1z parkol\u00f3j\u00e1ban | Panzi\u00f3 BA\u010eO***","robots":{"index":"index","follow":"follow","max-snippet":"max-snippet:-1","max-image-preview":"max-image-preview:large","max-video-preview":"max-video-preview:-1"},"canonical":"https:\/\/penzionbado.sk\/hu\/uncategorized-hu\/elektromos-autok-toltese-kozvetlenul-a-vendeghaz-parkolojaban\/","og_locale":"hu_HU","og_type":"article","og_title":"Elektromos aut\u00f3k t\u00f6lt\u00e9se k\u00f6zvetlen\u00fcl a vend\u00e9gh\u00e1z parkol\u00f3j\u00e1ban | Panzi\u00f3 BA\u010eO***","og_description":"Az EV-vezet\u0151k jellemz\u0151en a t\u00f6lt\u0151infrastrukt\u00fara el\u00e9rhet\u0151s\u00e9ge alapj\u00e1n v\u00e1lasztj\u00e1k ki a sz\u00e1ll\u00e1shely\u00fcket, \u00e9s \u00e9jszakai tart\u00f3zkod\u00e1suk alatt t\u00f6ltik fel j\u00e1rm\u0171v\u00fcket. Ha van t\u00f6lt\u0151 az \u00d6n l\u00e9tes\u00edtm\u00e9ny\u00e9ben, azzal nem csak pr\u00e9mium \u00fcgyfeleket \u00e9s az \u0151 aj\u00e1nl\u00e1saikat szerzi meg. \u00d6n versenyel\u0151nyre tesz szert - az elektromobilit\u00e1s \u00f6ko, az eg\u00e9szs\u00e9ges \u00e9s modern \u00e9letm\u00f3d szimb\u00f3luma, \u00e9s \u00edgy nemcsak az elektromos j\u00e1rm\u0171vezet\u0151k sz\u00e1m\u00e1ra vonz\u00f3. L\u00e9tes\u00edtm\u00e9ny\u00fcnk elektromos j\u00e1rm\u0171t\u00f6lt\u00e9st k\u00edn\u00e1l.","og_url":"https:\/\/penzionbado.sk\/hu\/uncategorized-hu\/elektromos-autok-toltese-kozvetlenul-a-vendeghaz-parkolojaban\/","og_site_name":"Panzi\u00f3 BA\u010eO***","article_publisher":"https:\/\/www.facebook.com\/www.penzionbado.sk","article_published_time":"2022-11-28T11:26:45+00:00","article_modified_time":"2025-03-14T09:10:40+00:00","og_image":[{"width":620,"height":275,"url":"https:\/\/penzionbado.sk\/wp-content\/uploads\/2022\/11\/blog_novinky3.jpg","type":"image\/jpeg"}],"author":"megaapple","twitter_card":"summary_large_image","twitter_misc":{"Szerz\u0151:":"megaapple","Becs\u00fclt olvas\u00e1si id\u0151":"2 perc"},"schema":{"@context":"https:\/\/schema.org","@graph":[{"@type":"Article","@id":"https:\/\/penzionbado.sk\/hu\/uncategorized-hu\/elektromos-autok-toltese-kozvetlenul-a-vendeghaz-parkolojaban\/#article","isPartOf":{"@id":"https:\/\/penzionbado.sk\/hu\/uncategorized-hu\/elektromos-autok-toltese-kozvetlenul-a-vendeghaz-parkolojaban\/"},"author":{"name":"megaapple","@id":"https:\/\/penzionbado.sk\/#\/schema\/person\/505c6b4891e1ca05f518303721af0cd2"},"headline":"Elektromos aut\u00f3k t\u00f6lt\u00e9se k\u00f6zvetlen\u00fcl a vend\u00e9gh\u00e1z parkol\u00f3j\u00e1ban","datePublished":"2022-11-28T11:26:45+00:00","dateModified":"2025-03-14T09:10:40+00:00","mainEntityOfPage":{"@id":"https:\/\/penzionbado.sk\/hu\/uncategorized-hu\/elektromos-autok-toltese-kozvetlenul-a-vendeghaz-parkolojaban\/"},"wordCount":330,"commentCount":0,"publisher":{"@id":"https:\/\/penzionbado.sk\/#organization"},"keywords":["Sz\u00e1ll\u00e1s"],"articleSection":["Uncategorized @hu"],"inLanguage":"hu"},{"@type":"WebPage","@id":"https:\/\/penzionbado.sk\/hu\/uncategorized-hu\/elektromos-autok-toltese-kozvetlenul-a-vendeghaz-parkolojaban\/","url":"https:\/\/penzionbado.sk\/hu\/uncategorized-hu\/elektromos-autok-toltese-kozvetlenul-a-vendeghaz-parkolojaban\/","name":"Elektromos aut\u00f3k t\u00f6lt\u00e9se k\u00f6zvetlen\u00fcl a vend\u00e9gh\u00e1z parkol\u00f3j\u00e1ban | Panzi\u00f3 BA\u010eO***","isPartOf":{"@id":"https:\/\/penzionbado.sk\/#website"},"datePublished":"2022-11-28T11:26:45+00:00","dateModified":"2025-03-14T09:10:40+00:00","breadcrumb":{"@id":"https:\/\/penzionbado.sk\/hu\/uncategorized-hu\/elektromos-autok-toltese-kozvetlenul-a-vendeghaz-parkolojaban\/#breadcrumb"},"inLanguage":"hu","potentialAction":[{"@type":"ReadAction","target":["https:\/\/penzionbado.sk\/hu\/uncategorized-hu\/elektromos-autok-toltese-kozvetlenul-a-vendeghaz-parkolojaban\/"]}]},{"@type":"BreadcrumbList","@id":"https:\/\/penzionbado.sk\/hu\/uncategorized-hu\/elektromos-autok-toltese-kozvetlenul-a-vendeghaz-parkolojaban\/#breadcrumb","itemListElement":[{"@type":"ListItem","position":1,"name":"Home","item":"https:\/\/penzionbado.sk\/hu\/"},{"@type":"ListItem","position":2,"name":"Elektromos aut\u00f3k t\u00f6lt\u00e9se k\u00f6zvetlen\u00fcl a vend\u00e9gh\u00e1z parkol\u00f3j\u00e1ban"}]},{"@type":"WebSite","@id":"https:\/\/penzionbado.sk\/#website","url":"https:\/\/penzionbado.sk\/","name":"Panzi\u00f3 BA\u010eO***","description":"Rodinn\u00fd penzi\u00f3n pod Lomnick\u00fdm \u0160t\u00edtom","publisher":{"@id":"https:\/\/penzionbado.sk\/#organization"},"potentialAction":[{"@type":"SearchAction","target":{"@type":"EntryPoint","urlTemplate":"https:\/\/penzionbado.sk\/?s={search_term_string}"},"query-input":"required name=search_term_string"}],"inLanguage":"hu"},{"@type":"Organization","@id":"https:\/\/penzionbado.sk\/#organization","name":"Panzi\u00f3 BA\u010eO***","url":"https:\/\/penzionbado.sk\/","logo":{"@type":"ImageObject","inLanguage":"hu","@id":"https:\/\/penzionbado.sk\/#\/schema\/logo\/image\/","url":"https:\/\/penzionbado.sk\/wp-content\/uploads\/2023\/05\/BADO_logo_black_transparent.png","contentUrl":"https:\/\/penzionbado.sk\/wp-content\/uploads\/2023\/05\/BADO_logo_black_transparent.png","width":470,"height":473,"caption":"Panzi\u00f3 BA\u010eO***"},"image":{"@id":"https:\/\/penzionbado.sk\/#\/schema\/logo\/image\/"},"sameAs":["https:\/\/www.facebook.com\/www.penzionbado.sk","https:\/\/www.instagram.com\/penzionvysoketatry\/","https:\/\/www.youtube.com\/channel\/UCxZmlcE9qBcD9fdk4hfpo7g"]},{"@type":"Person","@id":"https:\/\/penzionbado.sk\/#\/schema\/person\/505c6b4891e1ca05f518303721af0cd2","name":"megaapple","image":{"@type":"ImageObject","inLanguage":"hu","@id":"https:\/\/penzionbado.sk\/#\/schema\/person\/image\/","url":"https:\/\/secure.gravatar.com\/avatar\/e9c40c35a403aaf8837c9da063c91557?s=96&d=mm&r=g","contentUrl":"https:\/\/secure.gravatar.com\/avatar\/e9c40c35a403aaf8837c9da063c91557?s=96&d=mm&r=g","caption":"megaapple"},"sameAs":["https:\/\/penzionbado.sk"]}]}},"_links":{"self":[{"href":"https:\/\/penzionbado.sk\/hu\/wp-json\/wp\/v2\/posts\/12024"}],"collection":[{"href":"https:\/\/penzionbado.sk\/hu\/wp-json\/wp\/v2\/posts"}],"about":[{"href":"https:\/\/penzionbado.sk\/hu\/wp-json\/wp\/v2\/types\/post"}],"author":[{"embeddable":true,"href":"https:\/\/penzionbado.sk\/hu\/wp-json\/wp\/v2\/users\/1"}],"replies":[{"embeddable":true,"href":"https:\/\/penzionbado.sk\/hu\/wp-json\/wp\/v2\/comments?post=12024"}],"version-history":[{"count":1,"href":"https:\/\/penzionbado.sk\/hu\/wp-json\/wp\/v2\/posts\/12024\/revisions"}],"predecessor-version":[{"id":12026,"href":"https:\/\/penzionbado.sk\/hu\/wp-json\/wp\/v2\/posts\/12024\/revisions\/12026"}],"wp:featuredmedia":[{"embeddable":true,"href":"https:\/\/penzionbado.sk\/hu\/wp-json\/wp\/v2\/media\/12025"}],"wp:attachment":[{"href":"https:\/\/penzionbado.sk\/hu\/wp-json\/wp\/v2\/media?parent=12024"}],"wp:term":[{"taxonomy":"category","embeddable":true,"href":"https:\/\/penzionbado.sk\/hu\/wp-json\/wp\/v2\/categories?post=12024"},{"taxonomy":"post_tag","embeddable":true,"href":"https:\/\/penzionbado.sk\/hu\/wp-json\/wp\/v2\/tags?post=12024"},{"taxonomy":"table_tags","embeddable":true,"href":"https:\/\/penzionbado.sk\/hu\/wp-json\/wp\/v2\/table_tags?post=12024"}],"curies":[{"name":"wp","href":"https:\/\/api.w.org\/{rel}","templated":true}]}}