{"id":12019,"date":"2020-05-08T13:12:00","date_gmt":"2020-05-08T11:12:00","guid":{"rendered":"https:\/\/penzionbado.sk\/uncategorized-hu\/virusfertotlenites-a-letesitmenyunkben\/"},"modified":"2025-03-14T10:10:39","modified_gmt":"2025-03-14T09:10:39","slug":"virusfertotlenites-a-letesitmenyunkben","status":"publish","type":"post","link":"https:\/\/penzionbado.sk\/hu\/uncategorized-hu\/virusfertotlenites-a-letesitmenyunkben\/","title":{"rendered":"V\u00edrusfert\u0151tlen\u00edt\u00e9s a l\u00e9tes\u00edtm\u00e9ny\u00fcnkben"},"content":{"rendered":"\t\t<div data-elementor-type=\"wp-post\" data-elementor-id=\"12019\" class=\"elementor elementor-12019 elementor-791\" data-elementor-post-type=\"post\">\n\t\t\t\t\t\t\t\t\t<section class=\"elementor-section elementor-top-section elementor-element elementor-element-da5cf0a elementor-section-boxed elementor-section-height-default elementor-section-height-default qodef-elementor-content-no\" data-id=\"da5cf0a\" data-element_type=\"section\">\n\t\t\t\t\t\t<div class=\"elementor-container elementor-column-gap-default\">\n\t\t\t\t\t<div class=\"elementor-column elementor-col-100 elementor-top-column elementor-element elementor-element-e7eb343\" data-id=\"e7eb343\" data-element_type=\"column\">\n\t\t\t<div class=\"elementor-widget-wrap elementor-element-populated\">\n\t\t\t\t\t\t\t\t<div class=\"elementor-element elementor-element-ae72be3 elementor-widget elementor-widget-text-editor\" data-id=\"ae72be3\" data-element_type=\"widget\" data-widget_type=\"text-editor.default\">\n\t\t\t\t<div class=\"elementor-widget-container\">\n\t\t\t\t\t\t\t<p>A BA\u010eO nyugd\u00edjint\u00e9zm\u00e9ny\u00fcnk BA\u010eO mint  <strong>a jelenlegi helyzetre reag\u00e1lva 2020. j\u00fanius 1-j\u00e9t\u0151l a vend\u00e9gh\u00e1z helyis\u00e9geinek akt\u00edv \u00f3zonnal t\u00f6rt\u00e9n\u0151 akt\u00edv tiszt\u00edt\u00e1sa. <\/strong>. Ez megv\u00e9di vend\u00e9geinket \u00e9s alkalmazottainkat a sz\u00e1ll\u00e1shelyek esetleges bez\u00e1r\u00e1s\u00e1t\u00f3l. Egy \u00f3zongener\u00e1tor seg\u00edts\u00e9g\u00e9vel rendszeresen elv\u00e9gezz\u00fck a helyis\u00e9gek m\u00e9ly- \u00e9s \u00d6KOL\u00d3GIAI fert\u0151tlen\u00edt\u00e9s\u00e9t.  <\/p>\n<p><strong>Az \u00f3zon vagy &#8220;akt\u00edv oxig\u00e9n&#8221; egy olyan g\u00e1z, amely m\u00e1s fert\u0151tlen\u00edt\u0151szerekkel ellent\u00e9tben egyszer\u0171en mindenhov\u00e1 eljut<\/strong> (a falak, k\u00e1rpitok stb. minden p\u00f3rus\u00e1ba), \u00e9s sz\u00f3 szerint elpuszt\u00edtja a betegs\u00e9get okoz\u00f3 (patog\u00e9n) mikroorganizmusok minden form\u00e1j\u00e1t. &#8220;Munk\u00e1ja&#8221; ut\u00e1n az \u00f3zon \u00e1rtalmatlan oxig\u00e9nn\u00e9 alakul. <\/p>\n<p><strong>Az \u00f3zon teljesen k\u00f6rnyezetbar\u00e1t<\/strong>. Ez azt jelenti, hogy a tiszt\u00edt\u00e1shoz haszn\u00e1lt vegyi anyagokkal ellent\u00e9tben nem hagy m\u00e9rgez\u0151 maradv\u00e1nyokat, \u00e9s k\u00f6rnyezet- \u00e9s eg\u00e9szs\u00e9gbar\u00e1t. <\/p>\n<p>Az \u00f3zoniz\u00e1tor, \u00f3zongener\u00e1tor vagy \u00f3zontiszt\u00edt\u00f3 \u00e1tfog\u00f3an tiszt\u00edtja a belt\u00e9ri teret. Fert\u0151tlen\u00edt, elt\u00e1vol\u00edtja a szagokat, \u00e1porodott szagokat; elpuszt\u00edtja a tetveket, v\u00edrusokat, bakt\u00e9riumokat, atk\u00e1kat, k\u00f3rokoz\u00f3 betegs\u00e9geket okoz\u00f3 mikroorganizmusokat, kis r\u00e1gcs\u00e1l\u00f3kat; elt\u00e1vol\u00edtja a pen\u00e9szt, elpuszt\u00edtja a gomb\u00e1kat \u00e9s semleges\u00edti a m\u00e9rgez\u0151 anyagokat. <\/p>\n<h4>\u00d3zonos fert\u0151tlen\u00edt\u00e9s<\/h4>\n<p><strong>Az \u00f3zon (O3) &#8220;aktiv\u00e1lt oxig\u00e9n&#8221; n\u00e9ven ismert<\/strong>, \u00e9s 3 oxig\u00e9natomot tartalmaz, ellent\u00e9tben a bel\u00e9legzett leveg\u0151vel, amely k\u00e9t oxig\u00e9natomot tartalmaz. Az \u00f3zon a vil\u00e1g m\u00e1sodik leger\u0151sebb fert\u0151tlen\u00edt\u0151szere, ez\u00e9rt sz\u00e9les k\u00f6rben haszn\u00e1lj\u00e1k a bakt\u00e9riumok, v\u00edrusok, szagok \u00e9s nem k\u00edv\u00e1nt szagok tart\u00f3s elt\u00e1vol\u00edt\u00e1s\u00e1ra. \u00c9rdekess\u00e9gk\u00e9nt megjegyezz\u00fck, hogy az \u00f3zon a term\u00e9szetben is megtal\u00e1lhat\u00f3, leggyakrabban vill\u00e1ml\u00e1ssal keletkezik. Egy zivatar ut\u00e1n a term\u00e9szet aj\u00e1nd\u00e9kak\u00e9nt \u00e9rezhetj\u00fck a kellemes &#8220;es\u0151illatot&#8221;. Val\u00f3sz\u00edn\u0171 azonban, hogy az \u00f3zonr\u00f3l leggyakrabban a F\u00f6ldet k\u00f6r\u00fclvev\u0151 \u00f3zonr\u00e9teggel \u00f6sszef\u00fcgg\u00e9sben hallunk. Az ultraibolya sug\u00e1rz\u00e1s hat\u00e1s\u00e1ra kialakul\u00f3 \u00f3zonr\u00e9teg az\u00e9rt fontos sz\u00e1munkra, mert megv\u00e9d minket a k\u00e1ros UV-sugarakt\u00f3l. Amikor a szennyez\u0151d\u00e9sek, bakt\u00e9riumok \u00e9s v\u00edrusok kapcsolatba ker\u00fclnek az \u00f3zonnal, egy oxid\u00e1ci\u00f3s folyamat r\u00e9v\u00e9n teljesen elpusztulnak. Egyetlen oxig\u00e9natom is elhaszn\u00e1l\u00f3dik, \u00e9s nincs szag, nincsenek szagok, nincsenek bakt\u00e9riumok &#8230; csak oxig\u00e9n. Egyetlen atom oxig\u00e9n el\u00e9g. Ezut\u00e1n az \u00f3zon visszaalakul oxig\u00e9nn\u00e9.         <\/p>\n<p><strong>A sz\u00fcks\u00e9ges \u00f3zonmennyis\u00e9g \u00e1tlagosan 1 g\/\u00f3ra. egy kb. 10 m2 -es, legfeljebb 3 m magas helyis\u00e9ghez. <\/strong>. 18-23\u00b0C-os h\u0151m\u00e9rs\u00e9kleten az \u00f3zon boml\u00e1sa kb. 30 percig tart, ennek a h\u0151m\u00e9rs\u00e9kletnek a fel\u00e9n\u00e9l az id\u0151 megdupl\u00e1z\u00f3dik! A pen\u00e9sz \u00e9s a gomb\u00e1k elpuszt\u00edt\u00e1s\u00e1hoz nagyobb mennyis\u00e9g\u0171 \u00f3zont kell haszn\u00e1lni, nevezetesen 2gr\/\u00f3ra. Az MHC-3 \u00f3zongener\u00e1tor, amely 3gr\/\u00f3r\u00e1nk\u00e9nt termel. \u00f3zont termel, 25 m2 -ig terjed\u0151 ter\u00fcletekre alkalmas. Ha a helyis\u00e9g egy nagys\u00e1grenddel nagyobb, nagyobb kapacit\u00e1s\u00fa \u00f3zongener\u00e1tor, pl. Mobil-O3 t\u00edpus\u00fa MHC-6 \u00f3zongener\u00e1tor haszn\u00e1lata javasolt. Az \u00f3zon nem \u00e1rtalmas, ha t\u00f6bb van bel\u0151le, ez\u00e9rt kisebb helyis\u00e9gben is lehet nagyobb kapacit\u00e1s\u00fa \u00f3zongener\u00e1tort haszn\u00e1lni. Nem szabad elfelejteni, hogy az O3 \u00f3zonmolekula k\u00f6r\u00fclbel\u00fcl 30 perc eltelt\u00e9vel visszav\u00e1ltozik O2 oxig\u00e9nmolekul\u00e1v\u00e1, \u00edgy egy kisebb \u00f3zongener\u00e1tor haszn\u00e1lata egy nagy helyis\u00e9gben nem fogja a k\u00edv\u00e1nt eredm\u00e9nyt hozni. Az \u00f3zontermel\u00e9s ide\u00e1lis felt\u00e9telei a 18-24\u00b0C k\u00f6z\u00f6tti h\u0151m\u00e9rs\u00e9klet \u00e9s a 70%-os p\u00e1ratartalom. A ny\u00e1ri h\u0151s\u00e9gben a legjobb eredm\u00e9nyeket l\u00e9gkondicion\u00e1lt helyis\u00e9gekben \u00e9rhetj\u00fck el.          <\/p>\n\t\t\t\t\t\t<\/div>\n\t\t\t\t<\/div>\n\t\t\t\t\t<\/div>\n\t\t<\/div>\n\t\t\t\t\t\t\t<\/div>\n\t\t<\/section>\n\t\t\t\t\t\t\t<\/div>\n\t\t","protected":false},"excerpt":{"rendered":"<p>A jelenlegi helyzetre reag\u00e1lva l\u00e9tes\u00edtm\u00e9ny\u00fcnk, a BA\u010eO Vend\u00e9gh\u00e1z 2020. j\u00fanius 1-t\u0151l megkezdi a vend\u00e9gh\u00e1z helyis\u00e9geinek akt\u00edv \u00f3zonnal t\u00f6rt\u00e9n\u0151 akt\u00edv tiszt\u00edt\u00e1s\u00e1t. Ezzel meg\u00f3vjuk vend\u00e9geinket \u00e9s dolgoz\u00f3inkat a l\u00e9tes\u00edtm\u00e9ny helyis\u00e9geinek esetleges bez\u00e1r\u00e1s\u00e1t\u00f3l. Egy \u00f3zongener\u00e1tor seg\u00edts\u00e9g\u00e9vel rendszeresen m\u00e9ly- \u00e9s \u00d6KOL\u00d3GIAI fert\u0151tlen\u00edt\u00e9st fogunk v\u00e9gezni a helyis\u00e9gekben.   <\/p>\n","protected":false},"author":1,"featured_media":12020,"comment_status":"open","ping_status":"open","sticky":false,"template":"","format":"standard","meta":{"inline_featured_image":false},"categories":[140],"tags":[318],"table_tags":[],"yoast_head":"<!-- This site is optimized with the Yoast SEO plugin v20.13 - https:\/\/yoast.com\/wordpress\/plugins\/seo\/ -->\n<title>V\u00edrusfert\u0151tlen\u00edt\u00e9s a l\u00e9tes\u00edtm\u00e9ny\u00fcnkben | Panzi\u00f3 BA\u010eO***<\/title>\n<meta name=\"robots\" content=\"index, follow, max-snippet:-1, max-image-preview:large, max-video-preview:-1\" \/>\n<link rel=\"canonical\" href=\"https:\/\/penzionbado.sk\/hu\/uncategorized-hu\/virusfertotlenites-a-letesitmenyunkben\/\" \/>\n<meta property=\"og:locale\" content=\"hu_HU\" \/>\n<meta property=\"og:type\" content=\"article\" \/>\n<meta property=\"og:title\" content=\"V\u00edrusfert\u0151tlen\u00edt\u00e9s a l\u00e9tes\u00edtm\u00e9ny\u00fcnkben | Panzi\u00f3 BA\u010eO***\" \/>\n<meta property=\"og:description\" content=\"A jelenlegi helyzetre reag\u00e1lva l\u00e9tes\u00edtm\u00e9ny\u00fcnk, a BA\u010eO Vend\u00e9gh\u00e1z 2020. j\u00fanius 1-t\u0151l megkezdi a vend\u00e9gh\u00e1z helyis\u00e9geinek akt\u00edv \u00f3zonnal t\u00f6rt\u00e9n\u0151 akt\u00edv tiszt\u00edt\u00e1s\u00e1t. Ezzel meg\u00f3vjuk vend\u00e9geinket \u00e9s dolgoz\u00f3inkat a l\u00e9tes\u00edtm\u00e9ny helyis\u00e9geinek esetleges bez\u00e1r\u00e1s\u00e1t\u00f3l. Egy \u00f3zongener\u00e1tor seg\u00edts\u00e9g\u00e9vel rendszeresen m\u00e9ly- \u00e9s \u00d6KOL\u00d3GIAI fert\u0151tlen\u00edt\u00e9st fogunk v\u00e9gezni a helyis\u00e9gekben.\" \/>\n<meta property=\"og:url\" content=\"https:\/\/penzionbado.sk\/hu\/uncategorized-hu\/virusfertotlenites-a-letesitmenyunkben\/\" \/>\n<meta property=\"og:site_name\" content=\"Panzi\u00f3 BA\u010eO***\" \/>\n<meta property=\"article:publisher\" content=\"https:\/\/www.facebook.com\/www.penzionbado.sk\" \/>\n<meta property=\"article:published_time\" content=\"2020-05-08T11:12:00+00:00\" \/>\n<meta property=\"article:modified_time\" content=\"2025-03-14T09:10:39+00:00\" \/>\n<meta property=\"og:image\" content=\"https:\/\/penzionbado.sk\/wp-content\/uploads\/2020\/05\/blog_novinky6.webp\" \/>\n\t<meta property=\"og:image:width\" content=\"900\" \/>\n\t<meta property=\"og:image:height\" content=\"497\" \/>\n\t<meta property=\"og:image:type\" content=\"image\/webp\" \/>\n<meta name=\"author\" content=\"megaapple\" \/>\n<meta name=\"twitter:card\" content=\"summary_large_image\" \/>\n<meta name=\"twitter:label1\" content=\"Szerz\u0151:\" \/>\n\t<meta name=\"twitter:data1\" content=\"megaapple\" \/>\n\t<meta name=\"twitter:label2\" content=\"Becs\u00fclt olvas\u00e1si id\u0151\" \/>\n\t<meta name=\"twitter:data2\" content=\"3 perc\" \/>\n<script type=\"application\/ld+json\" class=\"yoast-schema-graph\">{\"@context\":\"https:\/\/schema.org\",\"@graph\":[{\"@type\":\"Article\",\"@id\":\"https:\/\/penzionbado.sk\/hu\/uncategorized-hu\/virusfertotlenites-a-letesitmenyunkben\/#article\",\"isPartOf\":{\"@id\":\"https:\/\/penzionbado.sk\/hu\/uncategorized-hu\/virusfertotlenites-a-letesitmenyunkben\/\"},\"author\":{\"name\":\"megaapple\",\"@id\":\"https:\/\/penzionbado.sk\/#\/schema\/person\/505c6b4891e1ca05f518303721af0cd2\"},\"headline\":\"V\u00edrusfert\u0151tlen\u00edt\u00e9s a l\u00e9tes\u00edtm\u00e9ny\u00fcnkben\",\"datePublished\":\"2020-05-08T11:12:00+00:00\",\"dateModified\":\"2025-03-14T09:10:39+00:00\",\"mainEntityOfPage\":{\"@id\":\"https:\/\/penzionbado.sk\/hu\/uncategorized-hu\/virusfertotlenites-a-letesitmenyunkben\/\"},\"wordCount\":671,\"commentCount\":0,\"publisher\":{\"@id\":\"https:\/\/penzionbado.sk\/#organization\"},\"keywords\":[\"Sz\u00e1ll\u00e1s\"],\"articleSection\":[\"Uncategorized @hu\"],\"inLanguage\":\"hu\"},{\"@type\":\"WebPage\",\"@id\":\"https:\/\/penzionbado.sk\/hu\/uncategorized-hu\/virusfertotlenites-a-letesitmenyunkben\/\",\"url\":\"https:\/\/penzionbado.sk\/hu\/uncategorized-hu\/virusfertotlenites-a-letesitmenyunkben\/\",\"name\":\"V\u00edrusfert\u0151tlen\u00edt\u00e9s a l\u00e9tes\u00edtm\u00e9ny\u00fcnkben | Panzi\u00f3 BA\u010eO***\",\"isPartOf\":{\"@id\":\"https:\/\/penzionbado.sk\/#website\"},\"datePublished\":\"2020-05-08T11:12:00+00:00\",\"dateModified\":\"2025-03-14T09:10:39+00:00\",\"breadcrumb\":{\"@id\":\"https:\/\/penzionbado.sk\/hu\/uncategorized-hu\/virusfertotlenites-a-letesitmenyunkben\/#breadcrumb\"},\"inLanguage\":\"hu\",\"potentialAction\":[{\"@type\":\"ReadAction\",\"target\":[\"https:\/\/penzionbado.sk\/hu\/uncategorized-hu\/virusfertotlenites-a-letesitmenyunkben\/\"]}]},{\"@type\":\"BreadcrumbList\",\"@id\":\"https:\/\/penzionbado.sk\/hu\/uncategorized-hu\/virusfertotlenites-a-letesitmenyunkben\/#breadcrumb\",\"itemListElement\":[{\"@type\":\"ListItem\",\"position\":1,\"name\":\"Home\",\"item\":\"https:\/\/penzionbado.sk\/hu\/\"},{\"@type\":\"ListItem\",\"position\":2,\"name\":\"V\u00edrusfert\u0151tlen\u00edt\u00e9s a l\u00e9tes\u00edtm\u00e9ny\u00fcnkben\"}]},{\"@type\":\"WebSite\",\"@id\":\"https:\/\/penzionbado.sk\/#website\",\"url\":\"https:\/\/penzionbado.sk\/\",\"name\":\"Panzi\u00f3 BA\u010eO***\",\"description\":\"Rodinn\u00fd penzi\u00f3n pod Lomnick\u00fdm \u0160t\u00edtom\",\"publisher\":{\"@id\":\"https:\/\/penzionbado.sk\/#organization\"},\"potentialAction\":[{\"@type\":\"SearchAction\",\"target\":{\"@type\":\"EntryPoint\",\"urlTemplate\":\"https:\/\/penzionbado.sk\/?s={search_term_string}\"},\"query-input\":\"required name=search_term_string\"}],\"inLanguage\":\"hu\"},{\"@type\":\"Organization\",\"@id\":\"https:\/\/penzionbado.sk\/#organization\",\"name\":\"Panzi\u00f3 BA\u010eO***\",\"url\":\"https:\/\/penzionbado.sk\/\",\"logo\":{\"@type\":\"ImageObject\",\"inLanguage\":\"hu\",\"@id\":\"https:\/\/penzionbado.sk\/#\/schema\/logo\/image\/\",\"url\":\"https:\/\/penzionbado.sk\/wp-content\/uploads\/2023\/05\/BADO_logo_black_transparent.png\",\"contentUrl\":\"https:\/\/penzionbado.sk\/wp-content\/uploads\/2023\/05\/BADO_logo_black_transparent.png\",\"width\":470,\"height\":473,\"caption\":\"Panzi\u00f3 BA\u010eO***\"},\"image\":{\"@id\":\"https:\/\/penzionbado.sk\/#\/schema\/logo\/image\/\"},\"sameAs\":[\"https:\/\/www.facebook.com\/www.penzionbado.sk\",\"https:\/\/www.instagram.com\/penzionvysoketatry\/\",\"https:\/\/www.youtube.com\/channel\/UCxZmlcE9qBcD9fdk4hfpo7g\"]},{\"@type\":\"Person\",\"@id\":\"https:\/\/penzionbado.sk\/#\/schema\/person\/505c6b4891e1ca05f518303721af0cd2\",\"name\":\"megaapple\",\"image\":{\"@type\":\"ImageObject\",\"inLanguage\":\"hu\",\"@id\":\"https:\/\/penzionbado.sk\/#\/schema\/person\/image\/\",\"url\":\"https:\/\/secure.gravatar.com\/avatar\/e9c40c35a403aaf8837c9da063c91557?s=96&d=mm&r=g\",\"contentUrl\":\"https:\/\/secure.gravatar.com\/avatar\/e9c40c35a403aaf8837c9da063c91557?s=96&d=mm&r=g\",\"caption\":\"megaapple\"},\"sameAs\":[\"https:\/\/penzionbado.sk\"]}]}<\/script>\n<!-- \/ Yoast SEO plugin. -->","yoast_head_json":{"title":"V\u00edrusfert\u0151tlen\u00edt\u00e9s a l\u00e9tes\u00edtm\u00e9ny\u00fcnkben | Panzi\u00f3 BA\u010eO***","robots":{"index":"index","follow":"follow","max-snippet":"max-snippet:-1","max-image-preview":"max-image-preview:large","max-video-preview":"max-video-preview:-1"},"canonical":"https:\/\/penzionbado.sk\/hu\/uncategorized-hu\/virusfertotlenites-a-letesitmenyunkben\/","og_locale":"hu_HU","og_type":"article","og_title":"V\u00edrusfert\u0151tlen\u00edt\u00e9s a l\u00e9tes\u00edtm\u00e9ny\u00fcnkben | Panzi\u00f3 BA\u010eO***","og_description":"A jelenlegi helyzetre reag\u00e1lva l\u00e9tes\u00edtm\u00e9ny\u00fcnk, a BA\u010eO Vend\u00e9gh\u00e1z 2020. j\u00fanius 1-t\u0151l megkezdi a vend\u00e9gh\u00e1z helyis\u00e9geinek akt\u00edv \u00f3zonnal t\u00f6rt\u00e9n\u0151 akt\u00edv tiszt\u00edt\u00e1s\u00e1t. Ezzel meg\u00f3vjuk vend\u00e9geinket \u00e9s dolgoz\u00f3inkat a l\u00e9tes\u00edtm\u00e9ny helyis\u00e9geinek esetleges bez\u00e1r\u00e1s\u00e1t\u00f3l. Egy \u00f3zongener\u00e1tor seg\u00edts\u00e9g\u00e9vel rendszeresen m\u00e9ly- \u00e9s \u00d6KOL\u00d3GIAI fert\u0151tlen\u00edt\u00e9st fogunk v\u00e9gezni a helyis\u00e9gekben.","og_url":"https:\/\/penzionbado.sk\/hu\/uncategorized-hu\/virusfertotlenites-a-letesitmenyunkben\/","og_site_name":"Panzi\u00f3 BA\u010eO***","article_publisher":"https:\/\/www.facebook.com\/www.penzionbado.sk","article_published_time":"2020-05-08T11:12:00+00:00","article_modified_time":"2025-03-14T09:10:39+00:00","og_image":[{"width":900,"height":497,"url":"https:\/\/penzionbado.sk\/wp-content\/uploads\/2020\/05\/blog_novinky6.webp","type":"image\/webp"}],"author":"megaapple","twitter_card":"summary_large_image","twitter_misc":{"Szerz\u0151:":"megaapple","Becs\u00fclt olvas\u00e1si id\u0151":"3 perc"},"schema":{"@context":"https:\/\/schema.org","@graph":[{"@type":"Article","@id":"https:\/\/penzionbado.sk\/hu\/uncategorized-hu\/virusfertotlenites-a-letesitmenyunkben\/#article","isPartOf":{"@id":"https:\/\/penzionbado.sk\/hu\/uncategorized-hu\/virusfertotlenites-a-letesitmenyunkben\/"},"author":{"name":"megaapple","@id":"https:\/\/penzionbado.sk\/#\/schema\/person\/505c6b4891e1ca05f518303721af0cd2"},"headline":"V\u00edrusfert\u0151tlen\u00edt\u00e9s a l\u00e9tes\u00edtm\u00e9ny\u00fcnkben","datePublished":"2020-05-08T11:12:00+00:00","dateModified":"2025-03-14T09:10:39+00:00","mainEntityOfPage":{"@id":"https:\/\/penzionbado.sk\/hu\/uncategorized-hu\/virusfertotlenites-a-letesitmenyunkben\/"},"wordCount":671,"commentCount":0,"publisher":{"@id":"https:\/\/penzionbado.sk\/#organization"},"keywords":["Sz\u00e1ll\u00e1s"],"articleSection":["Uncategorized @hu"],"inLanguage":"hu"},{"@type":"WebPage","@id":"https:\/\/penzionbado.sk\/hu\/uncategorized-hu\/virusfertotlenites-a-letesitmenyunkben\/","url":"https:\/\/penzionbado.sk\/hu\/uncategorized-hu\/virusfertotlenites-a-letesitmenyunkben\/","name":"V\u00edrusfert\u0151tlen\u00edt\u00e9s a l\u00e9tes\u00edtm\u00e9ny\u00fcnkben | Panzi\u00f3 BA\u010eO***","isPartOf":{"@id":"https:\/\/penzionbado.sk\/#website"},"datePublished":"2020-05-08T11:12:00+00:00","dateModified":"2025-03-14T09:10:39+00:00","breadcrumb":{"@id":"https:\/\/penzionbado.sk\/hu\/uncategorized-hu\/virusfertotlenites-a-letesitmenyunkben\/#breadcrumb"},"inLanguage":"hu","potentialAction":[{"@type":"ReadAction","target":["https:\/\/penzionbado.sk\/hu\/uncategorized-hu\/virusfertotlenites-a-letesitmenyunkben\/"]}]},{"@type":"BreadcrumbList","@id":"https:\/\/penzionbado.sk\/hu\/uncategorized-hu\/virusfertotlenites-a-letesitmenyunkben\/#breadcrumb","itemListElement":[{"@type":"ListItem","position":1,"name":"Home","item":"https:\/\/penzionbado.sk\/hu\/"},{"@type":"ListItem","position":2,"name":"V\u00edrusfert\u0151tlen\u00edt\u00e9s a l\u00e9tes\u00edtm\u00e9ny\u00fcnkben"}]},{"@type":"WebSite","@id":"https:\/\/penzionbado.sk\/#website","url":"https:\/\/penzionbado.sk\/","name":"Panzi\u00f3 BA\u010eO***","description":"Rodinn\u00fd penzi\u00f3n pod Lomnick\u00fdm \u0160t\u00edtom","publisher":{"@id":"https:\/\/penzionbado.sk\/#organization"},"potentialAction":[{"@type":"SearchAction","target":{"@type":"EntryPoint","urlTemplate":"https:\/\/penzionbado.sk\/?s={search_term_string}"},"query-input":"required name=search_term_string"}],"inLanguage":"hu"},{"@type":"Organization","@id":"https:\/\/penzionbado.sk\/#organization","name":"Panzi\u00f3 BA\u010eO***","url":"https:\/\/penzionbado.sk\/","logo":{"@type":"ImageObject","inLanguage":"hu","@id":"https:\/\/penzionbado.sk\/#\/schema\/logo\/image\/","url":"https:\/\/penzionbado.sk\/wp-content\/uploads\/2023\/05\/BADO_logo_black_transparent.png","contentUrl":"https:\/\/penzionbado.sk\/wp-content\/uploads\/2023\/05\/BADO_logo_black_transparent.png","width":470,"height":473,"caption":"Panzi\u00f3 BA\u010eO***"},"image":{"@id":"https:\/\/penzionbado.sk\/#\/schema\/logo\/image\/"},"sameAs":["https:\/\/www.facebook.com\/www.penzionbado.sk","https:\/\/www.instagram.com\/penzionvysoketatry\/","https:\/\/www.youtube.com\/channel\/UCxZmlcE9qBcD9fdk4hfpo7g"]},{"@type":"Person","@id":"https:\/\/penzionbado.sk\/#\/schema\/person\/505c6b4891e1ca05f518303721af0cd2","name":"megaapple","image":{"@type":"ImageObject","inLanguage":"hu","@id":"https:\/\/penzionbado.sk\/#\/schema\/person\/image\/","url":"https:\/\/secure.gravatar.com\/avatar\/e9c40c35a403aaf8837c9da063c91557?s=96&d=mm&r=g","contentUrl":"https:\/\/secure.gravatar.com\/avatar\/e9c40c35a403aaf8837c9da063c91557?s=96&d=mm&r=g","caption":"megaapple"},"sameAs":["https:\/\/penzionbado.sk"]}]}},"_links":{"self":[{"href":"https:\/\/penzionbado.sk\/hu\/wp-json\/wp\/v2\/posts\/12019"}],"collection":[{"href":"https:\/\/penzionbado.sk\/hu\/wp-json\/wp\/v2\/posts"}],"about":[{"href":"https:\/\/penzionbado.sk\/hu\/wp-json\/wp\/v2\/types\/post"}],"author":[{"embeddable":true,"href":"https:\/\/penzionbado.sk\/hu\/wp-json\/wp\/v2\/users\/1"}],"replies":[{"embeddable":true,"href":"https:\/\/penzionbado.sk\/hu\/wp-json\/wp\/v2\/comments?post=12019"}],"version-history":[{"count":1,"href":"https:\/\/penzionbado.sk\/hu\/wp-json\/wp\/v2\/posts\/12019\/revisions"}],"predecessor-version":[{"id":12021,"href":"https:\/\/penzionbado.sk\/hu\/wp-json\/wp\/v2\/posts\/12019\/revisions\/12021"}],"wp:featuredmedia":[{"embeddable":true,"href":"https:\/\/penzionbado.sk\/hu\/wp-json\/wp\/v2\/media\/12020"}],"wp:attachment":[{"href":"https:\/\/penzionbado.sk\/hu\/wp-json\/wp\/v2\/media?parent=12019"}],"wp:term":[{"taxonomy":"category","embeddable":true,"href":"https:\/\/penzionbado.sk\/hu\/wp-json\/wp\/v2\/categories?post=12019"},{"taxonomy":"post_tag","embeddable":true,"href":"https:\/\/penzionbado.sk\/hu\/wp-json\/wp\/v2\/tags?post=12019"},{"taxonomy":"table_tags","embeddable":true,"href":"https:\/\/penzionbado.sk\/hu\/wp-json\/wp\/v2\/table_tags?post=12019"}],"curies":[{"name":"wp","href":"https:\/\/api.w.org\/{rel}","templated":true}]}}