{"id":11966,"date":"2017-10-01T14:34:09","date_gmt":"2017-10-01T12:34:09","guid":{"rendered":"https:\/\/penzionbado.sk\/uncategorized-hu\/uj-tv-k-a-szobakban\/"},"modified":"2025-03-14T10:10:22","modified_gmt":"2025-03-14T09:10:22","slug":"uj-tv-k-a-szobakban","status":"publish","type":"post","link":"https:\/\/penzionbado.sk\/hu\/uncategorized-hu\/uj-tv-k-a-szobakban\/","title":{"rendered":"\u00daj TV-k a szob\u00e1kban"},"content":{"rendered":"\t\t<div data-elementor-type=\"wp-post\" data-elementor-id=\"11966\" class=\"elementor elementor-11966 elementor-1819\" data-elementor-post-type=\"post\">\n\t\t\t\t\t\t\t\t\t<section class=\"elementor-section elementor-top-section elementor-element elementor-element-419e8f9 elementor-reverse-mobile elementor-section-boxed elementor-section-height-default elementor-section-height-default qodef-elementor-content-no\" data-id=\"419e8f9\" data-element_type=\"section\">\n\t\t\t\t\t\t<div class=\"elementor-container elementor-column-gap-default\">\n\t\t\t\t\t<div class=\"elementor-column elementor-col-66 elementor-top-column elementor-element elementor-element-4a393a5\" data-id=\"4a393a5\" data-element_type=\"column\">\n\t\t\t<div class=\"elementor-widget-wrap elementor-element-populated\">\n\t\t\t\t\t\t\t\t<div class=\"elementor-element elementor-element-7148907 elementor-widget elementor-widget-text-editor\" data-id=\"7148907\" data-element_type=\"widget\" data-widget_type=\"text-editor.default\">\n\t\t\t\t<div class=\"elementor-widget-container\">\n\t\t\t\t\t\t\t<p>A BA\u010eO*** sz\u00e1ll\u00e1shely\u00fcnk 2017 v\u00e9g\u00e9n rekonstrukci\u00f3ra ker\u00fcl. Szilveszteri vend\u00e9geink sz\u00e1m\u00e1ra kicser\u00e9lj\u00fck szob\u00e1inkban a telev\u00edzi\u00f3t. Vend\u00e9geinknek 2016.12.27-t\u0151l olyan szob\u00e1k k\u00f6z\u00fcl v\u00e1laszthatnak, amelyek modern telev\u00edzi\u00f3k\u00e9sz\u00fcl\u00e9kkel lesznek felszerelve. Az \u00faj berendez\u00e9sek kellemesebb\u00e9 teszik vend\u00e9geink tart\u00f3zkod\u00e1s\u00e1t sz\u00e1ll\u00e1shely\u00fcnk\u00f6n.   <\/p>\n<p>K\u00f6sz\u00f6nj\u00fck a 2017-es \u00e9vben tan\u00fas\u00edtott bizalm\u00e1t \u00e9s a l\u00e9tes\u00edtm\u00e9ny\u00fcnkben tett l\u00e1togat\u00e1s\u00e1t, \u00e9s \u00f6r\u00f6mmel v\u00e1rjuk \u00d6n\u00f6ket az \u00faj, 2018-as napt\u00e1ri \u00e9vben.<\/p>\n\t\t\t\t\t\t<\/div>\n\t\t\t\t<\/div>\n\t\t\t\t\t<\/div>\n\t\t<\/div>\n\t\t\t\t<div class=\"elementor-column elementor-col-33 elementor-top-column elementor-element elementor-element-bd0298b\" data-id=\"bd0298b\" data-element_type=\"column\">\n\t\t\t<div class=\"elementor-widget-wrap elementor-element-populated\">\n\t\t\t\t\t\t\t\t<div class=\"elementor-element elementor-element-0ed176a elementor-widget elementor-widget-image\" data-id=\"0ed176a\" data-element_type=\"widget\" data-widget_type=\"image.default\">\n\t\t\t\t<div class=\"elementor-widget-container\">\n\t\t\t\t\t\t\t\t\t\t\t\t\t\t\t<img decoding=\"async\" width=\"635\" height=\"338\" src=\"https:\/\/penzionbado.sk\/wp-content\/uploads\/2020\/04\/tv_img.png\" class=\"attachment-large size-large wp-image-4795\" alt=\"\" srcset=\"https:\/\/penzionbado.sk\/wp-content\/uploads\/2020\/04\/tv_img.png 635w, https:\/\/penzionbado.sk\/wp-content\/uploads\/2020\/04\/tv_img-600x319.png 600w, https:\/\/penzionbado.sk\/wp-content\/uploads\/2020\/04\/tv_img-300x160.png 300w\" sizes=\"(max-width: 635px) 100vw, 635px\" \/>\t\t\t\t\t\t\t\t\t\t\t\t\t\t\t<\/div>\n\t\t\t\t<\/div>\n\t\t\t\t\t<\/div>\n\t\t<\/div>\n\t\t\t\t\t\t\t<\/div>\n\t\t<\/section>\n\t\t\t\t\t\t\t<\/div>\n\t\t","protected":false},"excerpt":{"rendered":"<p>A BA\u010eO*** sz\u00e1ll\u00e1shely\u00fcnk 2017 v\u00e9g\u00e9n rekonstrukci\u00f3ra ker\u00fcl. Szilveszteri vend\u00e9geink sz\u00e1m\u00e1ra kicser\u00e9lj\u00fck szob\u00e1inkban a telev\u00edzi\u00f3t. Vend\u00e9geinknek 2016.12.27-t\u0151l olyan szob\u00e1k k\u00f6z\u00fcl v\u00e1laszthatnak, amelyek modern telev\u00edzi\u00f3k\u00e9sz\u00fcl\u00e9kkel lesznek felszerelve.  <\/p>\n","protected":false},"author":1,"featured_media":11967,"comment_status":"open","ping_status":"open","sticky":false,"template":"","format":"standard","meta":{"inline_featured_image":false},"categories":[140],"tags":[318],"table_tags":[],"yoast_head":"<!-- This site is optimized with the Yoast SEO plugin v20.13 - https:\/\/yoast.com\/wordpress\/plugins\/seo\/ -->\n<title>\u00daj TV-k a szob\u00e1kban | Panzi\u00f3 BA\u010eO***<\/title>\n<meta name=\"robots\" content=\"index, follow, max-snippet:-1, max-image-preview:large, max-video-preview:-1\" \/>\n<link rel=\"canonical\" href=\"https:\/\/penzionbado.sk\/hu\/uncategorized-hu\/uj-tv-k-a-szobakban\/\" \/>\n<meta property=\"og:locale\" content=\"hu_HU\" \/>\n<meta property=\"og:type\" content=\"article\" \/>\n<meta property=\"og:title\" content=\"\u00daj TV-k a szob\u00e1kban | Panzi\u00f3 BA\u010eO***\" \/>\n<meta property=\"og:description\" content=\"A BA\u010eO*** sz\u00e1ll\u00e1shely\u00fcnk 2017 v\u00e9g\u00e9n rekonstrukci\u00f3ra ker\u00fcl. Szilveszteri vend\u00e9geink sz\u00e1m\u00e1ra kicser\u00e9lj\u00fck szob\u00e1inkban a telev\u00edzi\u00f3t. Vend\u00e9geinknek 2016.12.27-t\u0151l olyan szob\u00e1k k\u00f6z\u00fcl v\u00e1laszthatnak, amelyek modern telev\u00edzi\u00f3k\u00e9sz\u00fcl\u00e9kkel lesznek felszerelve.\" \/>\n<meta property=\"og:url\" content=\"https:\/\/penzionbado.sk\/hu\/uncategorized-hu\/uj-tv-k-a-szobakban\/\" \/>\n<meta property=\"og:site_name\" content=\"Panzi\u00f3 BA\u010eO***\" \/>\n<meta property=\"article:publisher\" content=\"https:\/\/www.facebook.com\/www.penzionbado.sk\" \/>\n<meta property=\"article:published_time\" content=\"2017-10-01T12:34:09+00:00\" \/>\n<meta property=\"article:modified_time\" content=\"2025-03-14T09:10:22+00:00\" \/>\n<meta property=\"og:image\" content=\"https:\/\/penzionbado.sk\/wp-content\/uploads\/2017\/10\/082_Penzion-Bado_StaraLesna.jpg\" \/>\n\t<meta property=\"og:image:width\" content=\"1024\" \/>\n\t<meta property=\"og:image:height\" content=\"681\" \/>\n\t<meta property=\"og:image:type\" content=\"image\/jpeg\" \/>\n<meta name=\"author\" content=\"megaapple\" \/>\n<meta name=\"twitter:card\" content=\"summary_large_image\" \/>\n<meta name=\"twitter:label1\" content=\"Szerz\u0151:\" \/>\n\t<meta name=\"twitter:data1\" content=\"megaapple\" \/>\n\t<meta name=\"twitter:label2\" content=\"Becs\u00fclt olvas\u00e1si id\u0151\" \/>\n\t<meta name=\"twitter:data2\" content=\"1 perc\" \/>\n<script type=\"application\/ld+json\" class=\"yoast-schema-graph\">{\"@context\":\"https:\/\/schema.org\",\"@graph\":[{\"@type\":\"Article\",\"@id\":\"https:\/\/penzionbado.sk\/hu\/uncategorized-hu\/uj-tv-k-a-szobakban\/#article\",\"isPartOf\":{\"@id\":\"https:\/\/penzionbado.sk\/hu\/uncategorized-hu\/uj-tv-k-a-szobakban\/\"},\"author\":{\"name\":\"megaapple\",\"@id\":\"https:\/\/penzionbado.sk\/#\/schema\/person\/505c6b4891e1ca05f518303721af0cd2\"},\"headline\":\"\u00daj TV-k a szob\u00e1kban\",\"datePublished\":\"2017-10-01T12:34:09+00:00\",\"dateModified\":\"2025-03-14T09:10:22+00:00\",\"mainEntityOfPage\":{\"@id\":\"https:\/\/penzionbado.sk\/hu\/uncategorized-hu\/uj-tv-k-a-szobakban\/\"},\"wordCount\":110,\"commentCount\":0,\"publisher\":{\"@id\":\"https:\/\/penzionbado.sk\/#organization\"},\"keywords\":[\"Sz\u00e1ll\u00e1s\"],\"articleSection\":[\"Uncategorized @hu\"],\"inLanguage\":\"hu\"},{\"@type\":\"WebPage\",\"@id\":\"https:\/\/penzionbado.sk\/hu\/uncategorized-hu\/uj-tv-k-a-szobakban\/\",\"url\":\"https:\/\/penzionbado.sk\/hu\/uncategorized-hu\/uj-tv-k-a-szobakban\/\",\"name\":\"\u00daj TV-k a szob\u00e1kban | Panzi\u00f3 BA\u010eO***\",\"isPartOf\":{\"@id\":\"https:\/\/penzionbado.sk\/#website\"},\"datePublished\":\"2017-10-01T12:34:09+00:00\",\"dateModified\":\"2025-03-14T09:10:22+00:00\",\"breadcrumb\":{\"@id\":\"https:\/\/penzionbado.sk\/hu\/uncategorized-hu\/uj-tv-k-a-szobakban\/#breadcrumb\"},\"inLanguage\":\"hu\",\"potentialAction\":[{\"@type\":\"ReadAction\",\"target\":[\"https:\/\/penzionbado.sk\/hu\/uncategorized-hu\/uj-tv-k-a-szobakban\/\"]}]},{\"@type\":\"BreadcrumbList\",\"@id\":\"https:\/\/penzionbado.sk\/hu\/uncategorized-hu\/uj-tv-k-a-szobakban\/#breadcrumb\",\"itemListElement\":[{\"@type\":\"ListItem\",\"position\":1,\"name\":\"Home\",\"item\":\"https:\/\/penzionbado.sk\/hu\/\"},{\"@type\":\"ListItem\",\"position\":2,\"name\":\"\u00daj TV-k a szob\u00e1kban\"}]},{\"@type\":\"WebSite\",\"@id\":\"https:\/\/penzionbado.sk\/#website\",\"url\":\"https:\/\/penzionbado.sk\/\",\"name\":\"Panzi\u00f3 BA\u010eO***\",\"description\":\"Rodinn\u00fd penzi\u00f3n pod Lomnick\u00fdm \u0160t\u00edtom\",\"publisher\":{\"@id\":\"https:\/\/penzionbado.sk\/#organization\"},\"potentialAction\":[{\"@type\":\"SearchAction\",\"target\":{\"@type\":\"EntryPoint\",\"urlTemplate\":\"https:\/\/penzionbado.sk\/?s={search_term_string}\"},\"query-input\":\"required name=search_term_string\"}],\"inLanguage\":\"hu\"},{\"@type\":\"Organization\",\"@id\":\"https:\/\/penzionbado.sk\/#organization\",\"name\":\"Panzi\u00f3 BA\u010eO***\",\"url\":\"https:\/\/penzionbado.sk\/\",\"logo\":{\"@type\":\"ImageObject\",\"inLanguage\":\"hu\",\"@id\":\"https:\/\/penzionbado.sk\/#\/schema\/logo\/image\/\",\"url\":\"https:\/\/penzionbado.sk\/wp-content\/uploads\/2023\/05\/BADO_logo_black_transparent.png\",\"contentUrl\":\"https:\/\/penzionbado.sk\/wp-content\/uploads\/2023\/05\/BADO_logo_black_transparent.png\",\"width\":470,\"height\":473,\"caption\":\"Panzi\u00f3 BA\u010eO***\"},\"image\":{\"@id\":\"https:\/\/penzionbado.sk\/#\/schema\/logo\/image\/\"},\"sameAs\":[\"https:\/\/www.facebook.com\/www.penzionbado.sk\",\"https:\/\/www.instagram.com\/penzionvysoketatry\/\",\"https:\/\/www.youtube.com\/channel\/UCxZmlcE9qBcD9fdk4hfpo7g\"]},{\"@type\":\"Person\",\"@id\":\"https:\/\/penzionbado.sk\/#\/schema\/person\/505c6b4891e1ca05f518303721af0cd2\",\"name\":\"megaapple\",\"image\":{\"@type\":\"ImageObject\",\"inLanguage\":\"hu\",\"@id\":\"https:\/\/penzionbado.sk\/#\/schema\/person\/image\/\",\"url\":\"https:\/\/secure.gravatar.com\/avatar\/e9c40c35a403aaf8837c9da063c91557?s=96&d=mm&r=g\",\"contentUrl\":\"https:\/\/secure.gravatar.com\/avatar\/e9c40c35a403aaf8837c9da063c91557?s=96&d=mm&r=g\",\"caption\":\"megaapple\"},\"sameAs\":[\"https:\/\/penzionbado.sk\"]}]}<\/script>\n<!-- \/ Yoast SEO plugin. -->","yoast_head_json":{"title":"\u00daj TV-k a szob\u00e1kban | Panzi\u00f3 BA\u010eO***","robots":{"index":"index","follow":"follow","max-snippet":"max-snippet:-1","max-image-preview":"max-image-preview:large","max-video-preview":"max-video-preview:-1"},"canonical":"https:\/\/penzionbado.sk\/hu\/uncategorized-hu\/uj-tv-k-a-szobakban\/","og_locale":"hu_HU","og_type":"article","og_title":"\u00daj TV-k a szob\u00e1kban | Panzi\u00f3 BA\u010eO***","og_description":"A BA\u010eO*** sz\u00e1ll\u00e1shely\u00fcnk 2017 v\u00e9g\u00e9n rekonstrukci\u00f3ra ker\u00fcl. Szilveszteri vend\u00e9geink sz\u00e1m\u00e1ra kicser\u00e9lj\u00fck szob\u00e1inkban a telev\u00edzi\u00f3t. Vend\u00e9geinknek 2016.12.27-t\u0151l olyan szob\u00e1k k\u00f6z\u00fcl v\u00e1laszthatnak, amelyek modern telev\u00edzi\u00f3k\u00e9sz\u00fcl\u00e9kkel lesznek felszerelve.","og_url":"https:\/\/penzionbado.sk\/hu\/uncategorized-hu\/uj-tv-k-a-szobakban\/","og_site_name":"Panzi\u00f3 BA\u010eO***","article_publisher":"https:\/\/www.facebook.com\/www.penzionbado.sk","article_published_time":"2017-10-01T12:34:09+00:00","article_modified_time":"2025-03-14T09:10:22+00:00","og_image":[{"width":1024,"height":681,"url":"https:\/\/penzionbado.sk\/wp-content\/uploads\/2017\/10\/082_Penzion-Bado_StaraLesna.jpg","type":"image\/jpeg"}],"author":"megaapple","twitter_card":"summary_large_image","twitter_misc":{"Szerz\u0151:":"megaapple","Becs\u00fclt olvas\u00e1si id\u0151":"1 perc"},"schema":{"@context":"https:\/\/schema.org","@graph":[{"@type":"Article","@id":"https:\/\/penzionbado.sk\/hu\/uncategorized-hu\/uj-tv-k-a-szobakban\/#article","isPartOf":{"@id":"https:\/\/penzionbado.sk\/hu\/uncategorized-hu\/uj-tv-k-a-szobakban\/"},"author":{"name":"megaapple","@id":"https:\/\/penzionbado.sk\/#\/schema\/person\/505c6b4891e1ca05f518303721af0cd2"},"headline":"\u00daj TV-k a szob\u00e1kban","datePublished":"2017-10-01T12:34:09+00:00","dateModified":"2025-03-14T09:10:22+00:00","mainEntityOfPage":{"@id":"https:\/\/penzionbado.sk\/hu\/uncategorized-hu\/uj-tv-k-a-szobakban\/"},"wordCount":110,"commentCount":0,"publisher":{"@id":"https:\/\/penzionbado.sk\/#organization"},"keywords":["Sz\u00e1ll\u00e1s"],"articleSection":["Uncategorized @hu"],"inLanguage":"hu"},{"@type":"WebPage","@id":"https:\/\/penzionbado.sk\/hu\/uncategorized-hu\/uj-tv-k-a-szobakban\/","url":"https:\/\/penzionbado.sk\/hu\/uncategorized-hu\/uj-tv-k-a-szobakban\/","name":"\u00daj TV-k a szob\u00e1kban | Panzi\u00f3 BA\u010eO***","isPartOf":{"@id":"https:\/\/penzionbado.sk\/#website"},"datePublished":"2017-10-01T12:34:09+00:00","dateModified":"2025-03-14T09:10:22+00:00","breadcrumb":{"@id":"https:\/\/penzionbado.sk\/hu\/uncategorized-hu\/uj-tv-k-a-szobakban\/#breadcrumb"},"inLanguage":"hu","potentialAction":[{"@type":"ReadAction","target":["https:\/\/penzionbado.sk\/hu\/uncategorized-hu\/uj-tv-k-a-szobakban\/"]}]},{"@type":"BreadcrumbList","@id":"https:\/\/penzionbado.sk\/hu\/uncategorized-hu\/uj-tv-k-a-szobakban\/#breadcrumb","itemListElement":[{"@type":"ListItem","position":1,"name":"Home","item":"https:\/\/penzionbado.sk\/hu\/"},{"@type":"ListItem","position":2,"name":"\u00daj TV-k a szob\u00e1kban"}]},{"@type":"WebSite","@id":"https:\/\/penzionbado.sk\/#website","url":"https:\/\/penzionbado.sk\/","name":"Panzi\u00f3 BA\u010eO***","description":"Rodinn\u00fd penzi\u00f3n pod Lomnick\u00fdm \u0160t\u00edtom","publisher":{"@id":"https:\/\/penzionbado.sk\/#organization"},"potentialAction":[{"@type":"SearchAction","target":{"@type":"EntryPoint","urlTemplate":"https:\/\/penzionbado.sk\/?s={search_term_string}"},"query-input":"required name=search_term_string"}],"inLanguage":"hu"},{"@type":"Organization","@id":"https:\/\/penzionbado.sk\/#organization","name":"Panzi\u00f3 BA\u010eO***","url":"https:\/\/penzionbado.sk\/","logo":{"@type":"ImageObject","inLanguage":"hu","@id":"https:\/\/penzionbado.sk\/#\/schema\/logo\/image\/","url":"https:\/\/penzionbado.sk\/wp-content\/uploads\/2023\/05\/BADO_logo_black_transparent.png","contentUrl":"https:\/\/penzionbado.sk\/wp-content\/uploads\/2023\/05\/BADO_logo_black_transparent.png","width":470,"height":473,"caption":"Panzi\u00f3 BA\u010eO***"},"image":{"@id":"https:\/\/penzionbado.sk\/#\/schema\/logo\/image\/"},"sameAs":["https:\/\/www.facebook.com\/www.penzionbado.sk","https:\/\/www.instagram.com\/penzionvysoketatry\/","https:\/\/www.youtube.com\/channel\/UCxZmlcE9qBcD9fdk4hfpo7g"]},{"@type":"Person","@id":"https:\/\/penzionbado.sk\/#\/schema\/person\/505c6b4891e1ca05f518303721af0cd2","name":"megaapple","image":{"@type":"ImageObject","inLanguage":"hu","@id":"https:\/\/penzionbado.sk\/#\/schema\/person\/image\/","url":"https:\/\/secure.gravatar.com\/avatar\/e9c40c35a403aaf8837c9da063c91557?s=96&d=mm&r=g","contentUrl":"https:\/\/secure.gravatar.com\/avatar\/e9c40c35a403aaf8837c9da063c91557?s=96&d=mm&r=g","caption":"megaapple"},"sameAs":["https:\/\/penzionbado.sk"]}]}},"_links":{"self":[{"href":"https:\/\/penzionbado.sk\/hu\/wp-json\/wp\/v2\/posts\/11966"}],"collection":[{"href":"https:\/\/penzionbado.sk\/hu\/wp-json\/wp\/v2\/posts"}],"about":[{"href":"https:\/\/penzionbado.sk\/hu\/wp-json\/wp\/v2\/types\/post"}],"author":[{"embeddable":true,"href":"https:\/\/penzionbado.sk\/hu\/wp-json\/wp\/v2\/users\/1"}],"replies":[{"embeddable":true,"href":"https:\/\/penzionbado.sk\/hu\/wp-json\/wp\/v2\/comments?post=11966"}],"version-history":[{"count":1,"href":"https:\/\/penzionbado.sk\/hu\/wp-json\/wp\/v2\/posts\/11966\/revisions"}],"predecessor-version":[{"id":11968,"href":"https:\/\/penzionbado.sk\/hu\/wp-json\/wp\/v2\/posts\/11966\/revisions\/11968"}],"wp:featuredmedia":[{"embeddable":true,"href":"https:\/\/penzionbado.sk\/hu\/wp-json\/wp\/v2\/media\/11967"}],"wp:attachment":[{"href":"https:\/\/penzionbado.sk\/hu\/wp-json\/wp\/v2\/media?parent=11966"}],"wp:term":[{"taxonomy":"category","embeddable":true,"href":"https:\/\/penzionbado.sk\/hu\/wp-json\/wp\/v2\/categories?post=11966"},{"taxonomy":"post_tag","embeddable":true,"href":"https:\/\/penzionbado.sk\/hu\/wp-json\/wp\/v2\/tags?post=11966"},{"taxonomy":"table_tags","embeddable":true,"href":"https:\/\/penzionbado.sk\/hu\/wp-json\/wp\/v2\/table_tags?post=11966"}],"curies":[{"name":"wp","href":"https:\/\/api.w.org\/{rel}","templated":true}]}}