{"id":12643,"date":"2017-10-01T14:34:09","date_gmt":"2017-10-01T12:34:09","guid":{"rendered":"https:\/\/penzionbado.sk\/unkategorisiert\/neue-tv-geraete-in-den-zimmern\/"},"modified":"2025-03-17T11:45:10","modified_gmt":"2025-03-17T10:45:10","slug":"neue-tv-geraete-in-den-zimmern","status":"publish","type":"post","link":"https:\/\/penzionbado.sk\/de\/unkategorisiert\/neue-tv-geraete-in-den-zimmern\/","title":{"rendered":"Neue TV-Ger\u00e4te in den Zimmern"},"content":{"rendered":"\t\t<div data-elementor-type=\"wp-post\" data-elementor-id=\"12643\" class=\"elementor elementor-12643 elementor-1819\" data-elementor-post-type=\"post\">\n\t\t\t\t\t\t\t\t\t<section class=\"elementor-section elementor-top-section elementor-element elementor-element-419e8f9 elementor-reverse-mobile elementor-section-boxed elementor-section-height-default elementor-section-height-default qodef-elementor-content-no\" data-id=\"419e8f9\" data-element_type=\"section\">\n\t\t\t\t\t\t<div class=\"elementor-container elementor-column-gap-default\">\n\t\t\t\t\t<div class=\"elementor-column elementor-col-66 elementor-top-column elementor-element elementor-element-4a393a5\" data-id=\"4a393a5\" data-element_type=\"column\">\n\t\t\t<div class=\"elementor-widget-wrap elementor-element-populated\">\n\t\t\t\t\t\t\t\t<div class=\"elementor-element elementor-element-7148907 elementor-widget elementor-widget-text-editor\" data-id=\"7148907\" data-element_type=\"widget\" data-widget_type=\"text-editor.default\">\n\t\t\t\t<div class=\"elementor-widget-container\">\n\t\t\t\t\t\t\t<p>Unsere Unterkunftseinrichtung BA\u010eO*** wird Ende 2017 umgebaut. F\u00fcr unsere Neujahrsg\u00e4ste werden wir den Fernseher in unseren Zimmern austauschen. Wir werden unseren G\u00e4sten ab dem 27.12.2016 eine Auswahl an Zimmern anbieten, die mit modernen TV-Ger\u00e4ten ausgestattet sein werden.   Die neuen Einrichtungen werden den Aufenthalt unserer G\u00e4ste in unserer Unterkunft noch angenehmer machen.<\/p>\n<p>Wir danken Ihnen f\u00fcr Ihr Vertrauen und Ihren Besuch in unserer Einrichtung im Jahr 2017 und freuen uns darauf, Sie im neuen Kalenderjahr 2018 begr\u00fc\u00dfen zu d\u00fcrfen.<\/p>\n\t\t\t\t\t\t<\/div>\n\t\t\t\t<\/div>\n\t\t\t\t\t<\/div>\n\t\t<\/div>\n\t\t\t\t<div class=\"elementor-column elementor-col-33 elementor-top-column elementor-element elementor-element-bd0298b\" data-id=\"bd0298b\" data-element_type=\"column\">\n\t\t\t<div class=\"elementor-widget-wrap elementor-element-populated\">\n\t\t\t\t\t\t\t\t<div class=\"elementor-element elementor-element-0ed176a elementor-widget elementor-widget-image\" data-id=\"0ed176a\" data-element_type=\"widget\" data-widget_type=\"image.default\">\n\t\t\t\t<div class=\"elementor-widget-container\">\n\t\t\t\t\t\t\t\t\t\t\t\t\t\t\t<img decoding=\"async\" width=\"635\" height=\"338\" src=\"https:\/\/penzionbado.sk\/wp-content\/uploads\/2020\/04\/tv_img.png\" class=\"attachment-large size-large wp-image-4795\" alt=\"\" srcset=\"https:\/\/penzionbado.sk\/wp-content\/uploads\/2020\/04\/tv_img.png 635w, https:\/\/penzionbado.sk\/wp-content\/uploads\/2020\/04\/tv_img-600x319.png 600w, https:\/\/penzionbado.sk\/wp-content\/uploads\/2020\/04\/tv_img-300x160.png 300w\" sizes=\"(max-width: 635px) 100vw, 635px\" \/>\t\t\t\t\t\t\t\t\t\t\t\t\t\t\t<\/div>\n\t\t\t\t<\/div>\n\t\t\t\t\t<\/div>\n\t\t<\/div>\n\t\t\t\t\t\t\t<\/div>\n\t\t<\/section>\n\t\t\t\t\t\t\t<\/div>\n\t\t","protected":false},"excerpt":{"rendered":"<p>Unsere Unterkunftseinrichtung BA\u010eO*** wird Ende 2017 umgebaut. F\u00fcr unsere Neujahrsg\u00e4ste werden wir den Fernseher in unseren Zimmern austauschen. Wir werden unseren G\u00e4sten ab dem 27.12.2016 eine Auswahl an Zimmern anbieten, die mit modernen TV-Ger\u00e4ten ausgestattet sein werden.  <\/p>\n","protected":false},"author":1,"featured_media":12644,"comment_status":"open","ping_status":"open","sticky":false,"template":"","format":"standard","meta":{"inline_featured_image":false},"categories":[323],"tags":[364],"table_tags":[],"yoast_head":"<!-- This site is optimized with the Yoast SEO plugin v20.13 - https:\/\/yoast.com\/wordpress\/plugins\/seo\/ -->\n<title>Neue TV-Ger\u00e4te in den Zimmern | Penzi\u00f3n BA\u010eO ***<\/title>\n<meta name=\"robots\" content=\"index, follow, max-snippet:-1, max-image-preview:large, max-video-preview:-1\" \/>\n<link rel=\"canonical\" href=\"https:\/\/penzionbado.sk\/de\/unkategorisiert\/neue-tv-geraete-in-den-zimmern\/\" \/>\n<meta property=\"og:locale\" content=\"de_DE\" \/>\n<meta property=\"og:type\" content=\"article\" \/>\n<meta property=\"og:title\" content=\"Neue TV-Ger\u00e4te in den Zimmern | Penzi\u00f3n BA\u010eO ***\" \/>\n<meta property=\"og:description\" content=\"Unsere Unterkunftseinrichtung BA\u010eO*** wird Ende 2017 umgebaut. F\u00fcr unsere Neujahrsg\u00e4ste werden wir den Fernseher in unseren Zimmern austauschen. Wir werden unseren G\u00e4sten ab dem 27.12.2016 eine Auswahl an Zimmern anbieten, die mit modernen TV-Ger\u00e4ten ausgestattet sein werden.\" \/>\n<meta property=\"og:url\" content=\"https:\/\/penzionbado.sk\/de\/unkategorisiert\/neue-tv-geraete-in-den-zimmern\/\" \/>\n<meta property=\"og:site_name\" content=\"Penzi\u00f3n BA\u010eO ***\" \/>\n<meta property=\"article:publisher\" content=\"https:\/\/www.facebook.com\/www.penzionbado.sk\" \/>\n<meta property=\"article:published_time\" content=\"2017-10-01T12:34:09+00:00\" \/>\n<meta property=\"article:modified_time\" content=\"2025-03-17T10:45:10+00:00\" \/>\n<meta property=\"og:image\" content=\"https:\/\/penzionbado.sk\/wp-content\/uploads\/2017\/10\/082_Penzion-Bado_StaraLesna.jpg\" \/>\n\t<meta property=\"og:image:width\" content=\"1024\" \/>\n\t<meta property=\"og:image:height\" content=\"681\" \/>\n\t<meta property=\"og:image:type\" content=\"image\/jpeg\" \/>\n<meta name=\"author\" content=\"megaapple\" \/>\n<meta name=\"twitter:card\" content=\"summary_large_image\" \/>\n<meta name=\"twitter:label1\" content=\"Verfasst von\" \/>\n\t<meta name=\"twitter:data1\" content=\"megaapple\" \/>\n<script type=\"application\/ld+json\" class=\"yoast-schema-graph\">{\"@context\":\"https:\/\/schema.org\",\"@graph\":[{\"@type\":\"Article\",\"@id\":\"https:\/\/penzionbado.sk\/de\/unkategorisiert\/neue-tv-geraete-in-den-zimmern\/#article\",\"isPartOf\":{\"@id\":\"https:\/\/penzionbado.sk\/de\/unkategorisiert\/neue-tv-geraete-in-den-zimmern\/\"},\"author\":{\"name\":\"megaapple\",\"@id\":\"https:\/\/penzionbado.sk\/#\/schema\/person\/505c6b4891e1ca05f518303721af0cd2\"},\"headline\":\"Neue TV-Ger\u00e4te in den Zimmern\",\"datePublished\":\"2017-10-01T12:34:09+00:00\",\"dateModified\":\"2025-03-17T10:45:10+00:00\",\"mainEntityOfPage\":{\"@id\":\"https:\/\/penzionbado.sk\/de\/unkategorisiert\/neue-tv-geraete-in-den-zimmern\/\"},\"wordCount\":89,\"commentCount\":0,\"publisher\":{\"@id\":\"https:\/\/penzionbado.sk\/#organization\"},\"keywords\":[\"Unterkunft\"],\"articleSection\":[\"Unkategorisiert\"],\"inLanguage\":\"de\"},{\"@type\":\"WebPage\",\"@id\":\"https:\/\/penzionbado.sk\/de\/unkategorisiert\/neue-tv-geraete-in-den-zimmern\/\",\"url\":\"https:\/\/penzionbado.sk\/de\/unkategorisiert\/neue-tv-geraete-in-den-zimmern\/\",\"name\":\"Neue TV-Ger\u00e4te in den Zimmern | Penzi\u00f3n BA\u010eO ***\",\"isPartOf\":{\"@id\":\"https:\/\/penzionbado.sk\/#website\"},\"datePublished\":\"2017-10-01T12:34:09+00:00\",\"dateModified\":\"2025-03-17T10:45:10+00:00\",\"breadcrumb\":{\"@id\":\"https:\/\/penzionbado.sk\/de\/unkategorisiert\/neue-tv-geraete-in-den-zimmern\/#breadcrumb\"},\"inLanguage\":\"de\",\"potentialAction\":[{\"@type\":\"ReadAction\",\"target\":[\"https:\/\/penzionbado.sk\/de\/unkategorisiert\/neue-tv-geraete-in-den-zimmern\/\"]}]},{\"@type\":\"BreadcrumbList\",\"@id\":\"https:\/\/penzionbado.sk\/de\/unkategorisiert\/neue-tv-geraete-in-den-zimmern\/#breadcrumb\",\"itemListElement\":[{\"@type\":\"ListItem\",\"position\":1,\"name\":\"Home\",\"item\":\"https:\/\/penzionbado.sk\/de\/\"},{\"@type\":\"ListItem\",\"position\":2,\"name\":\"Neue TV-Ger\u00e4te in den Zimmern\"}]},{\"@type\":\"WebSite\",\"@id\":\"https:\/\/penzionbado.sk\/#website\",\"url\":\"https:\/\/penzionbado.sk\/\",\"name\":\"Penzi\u00f3n BA\u010eO ***\",\"description\":\"Rodinn\u00fd penzi\u00f3n pod Lomnick\u00fdm \u0160t\u00edtom\",\"publisher\":{\"@id\":\"https:\/\/penzionbado.sk\/#organization\"},\"potentialAction\":[{\"@type\":\"SearchAction\",\"target\":{\"@type\":\"EntryPoint\",\"urlTemplate\":\"https:\/\/penzionbado.sk\/?s={search_term_string}\"},\"query-input\":\"required name=search_term_string\"}],\"inLanguage\":\"de\"},{\"@type\":\"Organization\",\"@id\":\"https:\/\/penzionbado.sk\/#organization\",\"name\":\"Penzi\u00f3n BA\u010eO ***\",\"url\":\"https:\/\/penzionbado.sk\/\",\"logo\":{\"@type\":\"ImageObject\",\"inLanguage\":\"de\",\"@id\":\"https:\/\/penzionbado.sk\/#\/schema\/logo\/image\/\",\"url\":\"https:\/\/penzionbado.sk\/wp-content\/uploads\/2023\/05\/BADO_logo_black_transparent.png\",\"contentUrl\":\"https:\/\/penzionbado.sk\/wp-content\/uploads\/2023\/05\/BADO_logo_black_transparent.png\",\"width\":470,\"height\":473,\"caption\":\"Penzi\u00f3n BA\u010eO ***\"},\"image\":{\"@id\":\"https:\/\/penzionbado.sk\/#\/schema\/logo\/image\/\"},\"sameAs\":[\"https:\/\/www.facebook.com\/www.penzionbado.sk\",\"https:\/\/www.instagram.com\/penzionvysoketatry\/\",\"https:\/\/www.youtube.com\/channel\/UCxZmlcE9qBcD9fdk4hfpo7g\"]},{\"@type\":\"Person\",\"@id\":\"https:\/\/penzionbado.sk\/#\/schema\/person\/505c6b4891e1ca05f518303721af0cd2\",\"name\":\"megaapple\",\"image\":{\"@type\":\"ImageObject\",\"inLanguage\":\"de\",\"@id\":\"https:\/\/penzionbado.sk\/#\/schema\/person\/image\/\",\"url\":\"https:\/\/secure.gravatar.com\/avatar\/e9c40c35a403aaf8837c9da063c91557?s=96&d=mm&r=g\",\"contentUrl\":\"https:\/\/secure.gravatar.com\/avatar\/e9c40c35a403aaf8837c9da063c91557?s=96&d=mm&r=g\",\"caption\":\"megaapple\"},\"sameAs\":[\"https:\/\/penzionbado.sk\"]}]}<\/script>\n<!-- \/ Yoast SEO plugin. -->","yoast_head_json":{"title":"Neue TV-Ger\u00e4te in den Zimmern | Penzi\u00f3n BA\u010eO ***","robots":{"index":"index","follow":"follow","max-snippet":"max-snippet:-1","max-image-preview":"max-image-preview:large","max-video-preview":"max-video-preview:-1"},"canonical":"https:\/\/penzionbado.sk\/de\/unkategorisiert\/neue-tv-geraete-in-den-zimmern\/","og_locale":"de_DE","og_type":"article","og_title":"Neue TV-Ger\u00e4te in den Zimmern | Penzi\u00f3n BA\u010eO ***","og_description":"Unsere Unterkunftseinrichtung BA\u010eO*** wird Ende 2017 umgebaut. F\u00fcr unsere Neujahrsg\u00e4ste werden wir den Fernseher in unseren Zimmern austauschen. Wir werden unseren G\u00e4sten ab dem 27.12.2016 eine Auswahl an Zimmern anbieten, die mit modernen TV-Ger\u00e4ten ausgestattet sein werden.","og_url":"https:\/\/penzionbado.sk\/de\/unkategorisiert\/neue-tv-geraete-in-den-zimmern\/","og_site_name":"Penzi\u00f3n BA\u010eO ***","article_publisher":"https:\/\/www.facebook.com\/www.penzionbado.sk","article_published_time":"2017-10-01T12:34:09+00:00","article_modified_time":"2025-03-17T10:45:10+00:00","og_image":[{"width":1024,"height":681,"url":"https:\/\/penzionbado.sk\/wp-content\/uploads\/2017\/10\/082_Penzion-Bado_StaraLesna.jpg","type":"image\/jpeg"}],"author":"megaapple","twitter_card":"summary_large_image","twitter_misc":{"Verfasst von":"megaapple"},"schema":{"@context":"https:\/\/schema.org","@graph":[{"@type":"Article","@id":"https:\/\/penzionbado.sk\/de\/unkategorisiert\/neue-tv-geraete-in-den-zimmern\/#article","isPartOf":{"@id":"https:\/\/penzionbado.sk\/de\/unkategorisiert\/neue-tv-geraete-in-den-zimmern\/"},"author":{"name":"megaapple","@id":"https:\/\/penzionbado.sk\/#\/schema\/person\/505c6b4891e1ca05f518303721af0cd2"},"headline":"Neue TV-Ger\u00e4te in den Zimmern","datePublished":"2017-10-01T12:34:09+00:00","dateModified":"2025-03-17T10:45:10+00:00","mainEntityOfPage":{"@id":"https:\/\/penzionbado.sk\/de\/unkategorisiert\/neue-tv-geraete-in-den-zimmern\/"},"wordCount":89,"commentCount":0,"publisher":{"@id":"https:\/\/penzionbado.sk\/#organization"},"keywords":["Unterkunft"],"articleSection":["Unkategorisiert"],"inLanguage":"de"},{"@type":"WebPage","@id":"https:\/\/penzionbado.sk\/de\/unkategorisiert\/neue-tv-geraete-in-den-zimmern\/","url":"https:\/\/penzionbado.sk\/de\/unkategorisiert\/neue-tv-geraete-in-den-zimmern\/","name":"Neue TV-Ger\u00e4te in den Zimmern | Penzi\u00f3n BA\u010eO ***","isPartOf":{"@id":"https:\/\/penzionbado.sk\/#website"},"datePublished":"2017-10-01T12:34:09+00:00","dateModified":"2025-03-17T10:45:10+00:00","breadcrumb":{"@id":"https:\/\/penzionbado.sk\/de\/unkategorisiert\/neue-tv-geraete-in-den-zimmern\/#breadcrumb"},"inLanguage":"de","potentialAction":[{"@type":"ReadAction","target":["https:\/\/penzionbado.sk\/de\/unkategorisiert\/neue-tv-geraete-in-den-zimmern\/"]}]},{"@type":"BreadcrumbList","@id":"https:\/\/penzionbado.sk\/de\/unkategorisiert\/neue-tv-geraete-in-den-zimmern\/#breadcrumb","itemListElement":[{"@type":"ListItem","position":1,"name":"Home","item":"https:\/\/penzionbado.sk\/de\/"},{"@type":"ListItem","position":2,"name":"Neue TV-Ger\u00e4te in den Zimmern"}]},{"@type":"WebSite","@id":"https:\/\/penzionbado.sk\/#website","url":"https:\/\/penzionbado.sk\/","name":"Penzi\u00f3n BA\u010eO ***","description":"Rodinn\u00fd penzi\u00f3n pod Lomnick\u00fdm \u0160t\u00edtom","publisher":{"@id":"https:\/\/penzionbado.sk\/#organization"},"potentialAction":[{"@type":"SearchAction","target":{"@type":"EntryPoint","urlTemplate":"https:\/\/penzionbado.sk\/?s={search_term_string}"},"query-input":"required name=search_term_string"}],"inLanguage":"de"},{"@type":"Organization","@id":"https:\/\/penzionbado.sk\/#organization","name":"Penzi\u00f3n BA\u010eO ***","url":"https:\/\/penzionbado.sk\/","logo":{"@type":"ImageObject","inLanguage":"de","@id":"https:\/\/penzionbado.sk\/#\/schema\/logo\/image\/","url":"https:\/\/penzionbado.sk\/wp-content\/uploads\/2023\/05\/BADO_logo_black_transparent.png","contentUrl":"https:\/\/penzionbado.sk\/wp-content\/uploads\/2023\/05\/BADO_logo_black_transparent.png","width":470,"height":473,"caption":"Penzi\u00f3n BA\u010eO ***"},"image":{"@id":"https:\/\/penzionbado.sk\/#\/schema\/logo\/image\/"},"sameAs":["https:\/\/www.facebook.com\/www.penzionbado.sk","https:\/\/www.instagram.com\/penzionvysoketatry\/","https:\/\/www.youtube.com\/channel\/UCxZmlcE9qBcD9fdk4hfpo7g"]},{"@type":"Person","@id":"https:\/\/penzionbado.sk\/#\/schema\/person\/505c6b4891e1ca05f518303721af0cd2","name":"megaapple","image":{"@type":"ImageObject","inLanguage":"de","@id":"https:\/\/penzionbado.sk\/#\/schema\/person\/image\/","url":"https:\/\/secure.gravatar.com\/avatar\/e9c40c35a403aaf8837c9da063c91557?s=96&d=mm&r=g","contentUrl":"https:\/\/secure.gravatar.com\/avatar\/e9c40c35a403aaf8837c9da063c91557?s=96&d=mm&r=g","caption":"megaapple"},"sameAs":["https:\/\/penzionbado.sk"]}]}},"_links":{"self":[{"href":"https:\/\/penzionbado.sk\/de\/wp-json\/wp\/v2\/posts\/12643"}],"collection":[{"href":"https:\/\/penzionbado.sk\/de\/wp-json\/wp\/v2\/posts"}],"about":[{"href":"https:\/\/penzionbado.sk\/de\/wp-json\/wp\/v2\/types\/post"}],"author":[{"embeddable":true,"href":"https:\/\/penzionbado.sk\/de\/wp-json\/wp\/v2\/users\/1"}],"replies":[{"embeddable":true,"href":"https:\/\/penzionbado.sk\/de\/wp-json\/wp\/v2\/comments?post=12643"}],"version-history":[{"count":1,"href":"https:\/\/penzionbado.sk\/de\/wp-json\/wp\/v2\/posts\/12643\/revisions"}],"predecessor-version":[{"id":12646,"href":"https:\/\/penzionbado.sk\/de\/wp-json\/wp\/v2\/posts\/12643\/revisions\/12646"}],"wp:featuredmedia":[{"embeddable":true,"href":"https:\/\/penzionbado.sk\/de\/wp-json\/wp\/v2\/media\/12644"}],"wp:attachment":[{"href":"https:\/\/penzionbado.sk\/de\/wp-json\/wp\/v2\/media?parent=12643"}],"wp:term":[{"taxonomy":"category","embeddable":true,"href":"https:\/\/penzionbado.sk\/de\/wp-json\/wp\/v2\/categories?post=12643"},{"taxonomy":"post_tag","embeddable":true,"href":"https:\/\/penzionbado.sk\/de\/wp-json\/wp\/v2\/tags?post=12643"},{"taxonomy":"table_tags","embeddable":true,"href":"https:\/\/penzionbado.sk\/de\/wp-json\/wp\/v2\/table_tags?post=12643"}],"curies":[{"name":"wp","href":"https:\/\/api.w.org\/{rel}","templated":true}]}}